{"id":23302,"date":"2025-04-26T19:28:00","date_gmt":"2025-04-26T22:28:00","guid":{"rendered":"https:\/\/diariorepublica.com.ar\/web\/?p=23302"},"modified":"2025-04-26T16:29:51","modified_gmt":"2025-04-26T19:29:51","slug":"el-indec-actualiza-la-forma-de-medir-la-inflacion","status":"publish","type":"post","link":"https:\/\/diariorepublica.com.ar\/web\/index.php\/economia\/2025\/04\/26\/el-indec-actualiza-la-forma-de-medir-la-inflacion\/","title":{"rendered":"El Indec actualiza la forma de medir la inflaci\u00f3n"},"content":{"rendered":"<article id=\"article-post\" class=\"first\">\n<div class=\"cuerpo\" data-twitter-link=\"https:\/\/twitter.com\/intent\/tweet?url=https:\/\/www.diariopopular.com.ar\/c839673&amp;via=poopulardiario&amp;related=Popular&amp;text=\">\n<p>El\u00a0<strong>titular del Instituto Nacional de Estad\u00edsticas y Censos (Indec), Marco Lavagna,<\/strong>\u00a0confirm\u00f3 este viernes que el organismo est\u00e1 trabajando en una actualizaci\u00f3n del\u00a0<strong>\u00cdndice de Precios al Consumidor (IPC),<\/strong>\u00a0que mide la inflaci\u00f3n, que incluir\u00e1 una canasta renovada con nuevos productos y servicios.<\/p>\n<\/div>\n<\/article>\n<article id=\"article-post\">\n<div class=\"cuerpo\" data-twitter-link=\"https:\/\/twitter.com\/intent\/tweet?url=https:\/\/www.diariopopular.com.ar\/c839673&amp;via=poopulardiario&amp;related=Popular&amp;text=\">\n<p>Aunque no hay una fecha definida para la implementaci\u00f3n del nuevo esquema, el funcionario aclar\u00f3 que el impacto estad\u00edstico ser\u00e1 menor. \u00abPareciera por lo que digo que va a dar un resultado muy distinto, pero ser\u00e1 muy parecido\u00bb, afirm\u00f3.<\/p>\n<p>La actualizaci\u00f3n responde a la necesidad de adaptar la medici\u00f3n a los h\u00e1bitos de consumo actuales y a est\u00e1ndares internacionales. \u00abVamos a actualizar la canasta al meter nuevos productos. No significa que d\u00e9 una diferencia muy sustancial. Sirve para brindar mayor dato\u00bb, explic\u00f3.<\/p>\n<p>Entre los nuevos consumos que se sumar\u00e1n al \u00edndice se destacan servicios como\u00a0<strong>Netflix y celulares,<\/strong>\u00a0que hoy no est\u00e1n reflejados en la medici\u00f3n vigente de la inflaci\u00f3n.<\/p>\n<p>Actualmente, el IPC del Indec se calcula sobre la base de la Encuesta Nacional de Gasto de los Hogares (ENGHO) 2004-2005 y un \u00edndice base de 2016. Aunque en su momento se elabor\u00f3 una nueva encuesta en 2017-2018, esa versi\u00f3n nunca se implement\u00f3.<\/p>\n<p>Ahora, el organismo busca construir una estructura de medici\u00f3n proyectada a diez a\u00f1os, con datos m\u00e1s representativos de los patrones de consumo actuales.<\/p>\n<p>Lavagna detall\u00f3 que las diferencias que pueda arrojar el nuevo \u00edndice respecto del actual ser\u00e1n m\u00ednimas: \u00abLas diferencias pueden ser de 0,1% o 0,2%, no es una diferencia grande en lo estad\u00edstico\u00bb, se\u00f1al\u00f3.<\/p>\n<p>Adem\u00e1s, explic\u00f3 que a lo largo del tiempo, los \u00edndices deber\u00edan mostrar una tendencia similar, aunque en algunos meses podr\u00eda notarse m\u00e1s peso de alimentos o servicios, seg\u00fan el contexto.<\/p>\n<p>El anuncio se dio en medio de un contexto en el que la inflaci\u00f3n mostr\u00f3 una leve suba en marzo, con un 3,7% mensual, cortando la racha descendente de los meses anteriores.<\/p>\n<p>Consultado sobre lo que se espera para abril, Lavagna sostuvo: \u00abHay que esperar el dato de inflaci\u00f3n de abril, porque el cambio del esquema cambiario se dio a mitad de mes (\u2026) No veo una inflaci\u00f3n muy distinta en el pr\u00f3ximo mes\u00bb.<\/p>\n<\/div>\n<\/article>\n","protected":false},"excerpt":{"rendered":"<p>El\u00a0titular del Instituto Nacional de Estad\u00edsticas y Censos (Indec), Marco Lavagna,\u00a0confirm\u00f3 este viernes que el organismo est\u00e1 trabajando en una<\/p>\n","protected":false},"author":1,"featured_media":23303,"comment_status":"closed","ping_status":"closed","sticky":false,"template":"","format":"standard","meta":{"footnotes":"","jetpack_publicize_message":"","jetpack_publicize_feature_enabled":true,"jetpack_social_post_already_shared":true,"jetpack_social_options":{"image_generator_settings":{"template":"highway","enabled":false},"version":2}},"categories":[5],"tags":[],"class_list":["post-23302","post","type-post","status-publish","format-standard","has-post-thumbnail","hentry","category-economia"],"jetpack_publicize_connections":[],"_links":{"self":[{"href":"https:\/\/diariorepublica.com.ar\/web\/index.php\/wp-json\/wp\/v2\/posts\/23302"}],"collection":[{"href":"https:\/\/diariorepublica.com.ar\/web\/index.php\/wp-json\/wp\/v2\/posts"}],"about":[{"href":"https:\/\/diariorepublica.com.ar\/web\/index.php\/wp-json\/wp\/v2\/types\/post"}],"author":[{"embeddable":true,"href":"https:\/\/diariorepublica.com.ar\/web\/index.php\/wp-json\/wp\/v2\/users\/1"}],"replies":[{"embeddable":true,"href":"https:\/\/diariorepublica.com.ar\/web\/index.php\/wp-json\/wp\/v2\/comments?post=23302"}],"version-history":[{"count":1,"href":"https:\/\/diariorepublica.com.ar\/web\/index.php\/wp-json\/wp\/v2\/posts\/23302\/revisions"}],"predecessor-version":[{"id":23304,"href":"https:\/\/diariorepublica.com.ar\/web\/index.php\/wp-json\/wp\/v2\/posts\/23302\/revisions\/23304"}],"wp:featuredmedia":[{"embeddable":true,"href":"https:\/\/diariorepublica.com.ar\/web\/index.php\/wp-json\/wp\/v2\/media\/23303"}],"wp:attachment":[{"href":"https:\/\/diariorepublica.com.ar\/web\/index.php\/wp-json\/wp\/v2\/media?parent=23302"}],"wp:term":[{"taxonomy":"category","embeddable":true,"href":"https:\/\/diariorepublica.com.ar\/web\/index.php\/wp-json\/wp\/v2\/categories?post=23302"},{"taxonomy":"post_tag","embeddable":true,"href":"https:\/\/diariorepublica.com.ar\/web\/index.php\/wp-json\/wp\/v2\/tags?post=23302"}],"curies":[{"name":"wp","href":"https:\/\/api.w.org\/{rel}","templated":true}]}}