{"id":23314,"date":"2025-04-26T13:34:00","date_gmt":"2025-04-26T16:34:00","guid":{"rendered":"https:\/\/diariorepublica.com.ar\/web\/?p=23314"},"modified":"2025-04-26T16:34:50","modified_gmt":"2025-04-26T19:34:50","slug":"sin-la-presencia-de-su-pareja-el-reencuentro-de-mauro-icardi-y-sus-hijas-en-su-casa","status":"publish","type":"post","link":"https:\/\/diariorepublica.com.ar\/web\/index.php\/espectaculos\/2025\/04\/26\/sin-la-presencia-de-su-pareja-el-reencuentro-de-mauro-icardi-y-sus-hijas-en-su-casa\/","title":{"rendered":"\u00abSin la presencia de su pareja\u00bb: el reencuentro de Mauro Icardi y sus hijas en su casa"},"content":{"rendered":"<p>En medio de un fuerte conflicto legal entre Wanda Nara y Mauro Icardi quedaron Francesca e Isabella, sus hijas, de por medio: las menores intentan reconstruir el v\u00ednculo paterno a trav\u00e9s de encuentros de revinculaci\u00f3n y esta tarde, las menores asistir\u00e1n a la casa de su pap\u00e1, en ausencia de Eugenia \u201cLa China\u201d Suarez.<\/p>\n<p>La justicia orden\u00f3 detalles espec\u00edficos de c\u00f3mo debe ser el proceso de revinculaci\u00f3n: \u201cCon car\u00e1cter de medida cautelar que el d\u00eda s\u00e1bado 26 de abril de este a\u00f1o en curso, las ni\u00f1as Isabella y Francesca mantengan un encuentro fraternal con su padre, el se\u00f1or Mauro Icardi, bajo las siguientes condiciones\u201d.<\/p>\n<p>Adem\u00e1s, el escrito redactado por \u00f3rden de la mediaci\u00f3n: \u201cEn este encuentro, el se\u00f1or Icardi, deber\u00e1 encontrarse solo, sin la presencia de su pareja o la ni\u00f1era Silvia, para poder disfrutar junto a las ni\u00f1as de la casa y la decoraci\u00f3n de sus habitaciones como lo han proyectado\u201d.<\/p>\n<p>\u201cLas ni\u00f1as deber\u00e1n ser trasladadas a la puerta del barrio por la persona que defina la se\u00f1ora Nara, donde ser\u00e1n recibidas por el progenitor. El regreso deber\u00e1 realizarse por la tarde, debiendo designar el se\u00f1or Icardi una persona que ser\u00e1 la encargada de trasladar a las ni\u00f1as al domicilio que determine la se\u00f1ora Nara\u201d, contin\u00faa la solicitud.<\/p>\n<p>\u201cEl equipo profesional interviniente del Ministerio P\u00fablico Tutelar estar\u00e1 monitoreando todo el desarrollo de la entrega y reintegro de las ni\u00f1as. A media tarde, el equipo profesional mencionado efectuar\u00e1 una llamada de supervisi\u00f3n para evaluar la visita. Se dispone que en este encuentro las ni\u00f1as concurrir\u00e1n sin sus mascotas\u201d.<\/p>\n<p>\u201cEl pr\u00f3ximo martes, en su horario habitual se abordar\u00e1 junto a las ni\u00f1as y su progenitor el desarrollo del primer encuentro externo. Al finalizar el tercer encuentro en el ministerio (el del martes 29), el se\u00f1or Icardi ser\u00e1 quien lleve a las ni\u00f1as a sus clases de pat\u00edn, y la se\u00f1ora Nara o persona que designe, ser\u00e1 la encargada de retirarlas\u201d, concluye el pedido con vistas a la pr\u00f3xima semana.<\/p>\n<p>NA<\/p>\n","protected":false},"excerpt":{"rendered":"<p>En medio de un fuerte conflicto legal entre Wanda Nara y Mauro Icardi quedaron Francesca e Isabella, sus hijas, de<\/p>\n","protected":false},"author":1,"featured_media":23315,"comment_status":"closed","ping_status":"closed","sticky":false,"template":"","format":"standard","meta":{"footnotes":"","jetpack_publicize_message":"","jetpack_publicize_feature_enabled":true,"jetpack_social_post_already_shared":true,"jetpack_social_options":{"image_generator_settings":{"template":"highway","enabled":false},"version":2}},"categories":[7],"tags":[],"class_list":["post-23314","post","type-post","status-publish","format-standard","has-post-thumbnail","hentry","category-espectaculos"],"jetpack_publicize_connections":[],"_links":{"self":[{"href":"https:\/\/diariorepublica.com.ar\/web\/index.php\/wp-json\/wp\/v2\/posts\/23314"}],"collection":[{"href":"https:\/\/diariorepublica.com.ar\/web\/index.php\/wp-json\/wp\/v2\/posts"}],"about":[{"href":"https:\/\/diariorepublica.com.ar\/web\/index.php\/wp-json\/wp\/v2\/types\/post"}],"author":[{"embeddable":true,"href":"https:\/\/diariorepublica.com.ar\/web\/index.php\/wp-json\/wp\/v2\/users\/1"}],"replies":[{"embeddable":true,"href":"https:\/\/diariorepublica.com.ar\/web\/index.php\/wp-json\/wp\/v2\/comments?post=23314"}],"version-history":[{"count":1,"href":"https:\/\/diariorepublica.com.ar\/web\/index.php\/wp-json\/wp\/v2\/posts\/23314\/revisions"}],"predecessor-version":[{"id":23316,"href":"https:\/\/diariorepublica.com.ar\/web\/index.php\/wp-json\/wp\/v2\/posts\/23314\/revisions\/23316"}],"wp:featuredmedia":[{"embeddable":true,"href":"https:\/\/diariorepublica.com.ar\/web\/index.php\/wp-json\/wp\/v2\/media\/23315"}],"wp:attachment":[{"href":"https:\/\/diariorepublica.com.ar\/web\/index.php\/wp-json\/wp\/v2\/media?parent=23314"}],"wp:term":[{"taxonomy":"category","embeddable":true,"href":"https:\/\/diariorepublica.com.ar\/web\/index.php\/wp-json\/wp\/v2\/categories?post=23314"},{"taxonomy":"post_tag","embeddable":true,"href":"https:\/\/diariorepublica.com.ar\/web\/index.php\/wp-json\/wp\/v2\/tags?post=23314"}],"curies":[{"name":"wp","href":"https:\/\/api.w.org\/{rel}","templated":true}]}}