{"id":23320,"date":"2025-04-26T12:38:00","date_gmt":"2025-04-26T15:38:00","guid":{"rendered":"https:\/\/diariorepublica.com.ar\/web\/?p=23320"},"modified":"2025-04-26T16:39:50","modified_gmt":"2025-04-26T19:39:50","slug":"maria-becerra-posteo-tras-estar-internada-no-alcanzan-las-palabras-para-agradecerte-por-salvarme-la-vida","status":"publish","type":"post","link":"https:\/\/diariorepublica.com.ar\/web\/index.php\/espectaculos\/2025\/04\/26\/maria-becerra-posteo-tras-estar-internada-no-alcanzan-las-palabras-para-agradecerte-por-salvarme-la-vida\/","title":{"rendered":"Mar\u00eda Becerra poste\u00f3 tras estar internada: \u00abNo alcanzan las palabras para agradecerte por salvarme la vida\u00bb"},"content":{"rendered":"<p>En un sentido posteo, la cantante argentina, Mar\u00eda Becerra, confirm\u00f3 que vuelve a su casa luego de ser internada y operada de urgencia a ra\u00edz de un embarazo ect\u00f3pico que derivo en una hemorragia interna. El incidente sucedi\u00f3 el pasado mi\u00e9rcoles 23 de abril.<\/p>\n<p>\u00abVolviendo a casa con el amor de mi vida. No alcanzan las palabras para agradecerte por haberme salvado la vida\u00bb, escribi\u00f3 la cantante en un posteo en Instagram, junto a su pareja el artista Rei.<\/p>\n<article class=\"article-body article-body--third-paragraph content-protected-false\">Luego de d\u00edas de tensi\u00f3n, la cantante le comunic\u00f3 a sus miles de fan\u00e1ticos que ya se encontraba fuera del hospital.\u00a0<strong>\u00abAhora solo queda seguir sanando y rodearnos de amor! Gracias mi dios que me diste una segunda oportunidad de vida\u00bb<\/strong>, afirm\u00f3 Becerra.<\/p>\n<\/article>\n<article class=\"article-body article-body--fourth-paragraph content-protected-false\">Su situaci\u00f3n m\u00e9dica fue compleja el mi\u00e9rcoles, noche en la que debi\u00f3 ser internada y operada de urgencia. \u00ab<strong>Mari\u00a0volvi\u00f3 a atravesar un embarazo ect\u00f3pico\u00a0que deriv\u00f3 en una hemorragia interna con riesgo de vida<\/strong>. Gracias a la intervenci\u00f3n de Juli, del equipo m\u00e9dico y el entorno que los acompa\u00f1a, se logr\u00f3 actuar a tiempo\u00bb, indic\u00f3 un comunicado oficial del entorno de la cantante.<\/p>\n<\/article>\n<article class=\"article-body article-body--remaining-paragraph content-protected-false\">\n<div id=\"8067502-Libre-837065009_wrap\" class=\"embed_cont type_imagen\" contenteditable=\"false\">\n<div id=\"8067502-Libre-837065009_content\" class=\"embed_content\"><img decoding=\"async\" id=\"8067502-Libre-837065009_embed\" title=\"El mensaje completo de la cantante luego de abandonar el hospital.\" src=\"https:\/\/media.ambito.com\/p\/f1aa8a7607dc1436a53423c083dd5977\/adjuntos\/239\/imagenes\/042\/378\/0042378084\/730x0\/smart\/maria-becerra-instagramjpg.jpg\" alt=\"El mensaje completo de la cantante luego de abandonar el hospital.\" width=\"730\" height=\"undefined\" data-td-src-property=\"https:\/\/media.ambito.com\/p\/f1aa8a7607dc1436a53423c083dd5977\/adjuntos\/239\/imagenes\/042\/378\/0042378084\/730x0\/smart\/maria-becerra-instagramjpg.jpg\" \/><\/div>\n<div id=\"8067502-Libre-837065009_epigrafe\" class=\"embed_epigrafe\">\n<p>El mensaje completo de la cantante luego de abandonar el hospital.<\/p>\n<\/div>\n<div id=\"8067502-Libre-837065009_copyright\" class=\"embed_copyright\">@mariabecerra<\/div>\n<\/div>\n<p>Tras la intervenci\u00f3n, su cuadro de salud se agrav\u00f3 a causa de una hemorragia interna. Sin embargo, con los d\u00edas, su situaci\u00f3n mejor\u00f3 y este viernes,\u00a0<strong>finalmente, continuar\u00e1 su recuperaci\u00f3n en su casa.<\/strong><\/p>\n<p><strong>\u00abGracias a todos\/as por los mensajes llenos de amor y empat\u00eda.\u00a0<\/strong>Lo \u00fanico que quiero hacer ahora es descansar, procesar, llorar todo lo que me queda llorar,\u00a0<strong>recuperar mi cuerpo, mi fuerza, abrazarme a Juli, sanar<\/strong>\u00ab, expres\u00f3 en un texto sentido dirigido a sus fan\u00e1ticos.<\/p>\n<p>\u00abVer a mis sobrinas a los ojitos, abrazarlas, sentir el amor de mis seres queridos, ver las plantas, sentir el olor a la tierra mojada, tocar el agua, ver el sol. Gracias dios\u00bb, sentenci\u00f3 la artista.<\/p>\n<\/article>\n","protected":false},"excerpt":{"rendered":"<p>En un sentido posteo, la cantante argentina, Mar\u00eda Becerra, confirm\u00f3 que vuelve a su casa luego de ser internada y<\/p>\n","protected":false},"author":1,"featured_media":23321,"comment_status":"closed","ping_status":"closed","sticky":false,"template":"","format":"standard","meta":{"footnotes":"","jetpack_publicize_message":"","jetpack_publicize_feature_enabled":true,"jetpack_social_post_already_shared":true,"jetpack_social_options":{"image_generator_settings":{"template":"highway","enabled":false},"version":2}},"categories":[7],"tags":[],"class_list":["post-23320","post","type-post","status-publish","format-standard","has-post-thumbnail","hentry","category-espectaculos"],"jetpack_publicize_connections":[],"_links":{"self":[{"href":"https:\/\/diariorepublica.com.ar\/web\/index.php\/wp-json\/wp\/v2\/posts\/23320"}],"collection":[{"href":"https:\/\/diariorepublica.com.ar\/web\/index.php\/wp-json\/wp\/v2\/posts"}],"about":[{"href":"https:\/\/diariorepublica.com.ar\/web\/index.php\/wp-json\/wp\/v2\/types\/post"}],"author":[{"embeddable":true,"href":"https:\/\/diariorepublica.com.ar\/web\/index.php\/wp-json\/wp\/v2\/users\/1"}],"replies":[{"embeddable":true,"href":"https:\/\/diariorepublica.com.ar\/web\/index.php\/wp-json\/wp\/v2\/comments?post=23320"}],"version-history":[{"count":1,"href":"https:\/\/diariorepublica.com.ar\/web\/index.php\/wp-json\/wp\/v2\/posts\/23320\/revisions"}],"predecessor-version":[{"id":23322,"href":"https:\/\/diariorepublica.com.ar\/web\/index.php\/wp-json\/wp\/v2\/posts\/23320\/revisions\/23322"}],"wp:featuredmedia":[{"embeddable":true,"href":"https:\/\/diariorepublica.com.ar\/web\/index.php\/wp-json\/wp\/v2\/media\/23321"}],"wp:attachment":[{"href":"https:\/\/diariorepublica.com.ar\/web\/index.php\/wp-json\/wp\/v2\/media?parent=23320"}],"wp:term":[{"taxonomy":"category","embeddable":true,"href":"https:\/\/diariorepublica.com.ar\/web\/index.php\/wp-json\/wp\/v2\/categories?post=23320"},{"taxonomy":"post_tag","embeddable":true,"href":"https:\/\/diariorepublica.com.ar\/web\/index.php\/wp-json\/wp\/v2\/tags?post=23320"}],"curies":[{"name":"wp","href":"https:\/\/api.w.org\/{rel}","templated":true}]}}