{"id":23347,"date":"2025-04-28T09:38:00","date_gmt":"2025-04-28T12:38:00","guid":{"rendered":"https:\/\/diariorepublica.com.ar\/web\/?p=23347"},"modified":"2025-04-28T09:38:02","modified_gmt":"2025-04-28T12:38:02","slug":"un-apagon-masivo-deja-sin-suministro-electrico-a-espana-portugal-y-parte-de-francia","status":"publish","type":"post","link":"https:\/\/diariorepublica.com.ar\/web\/index.php\/internacionales\/2025\/04\/28\/un-apagon-masivo-deja-sin-suministro-electrico-a-espana-portugal-y-parte-de-francia\/","title":{"rendered":"Un apag\u00f3n masivo deja sin suministro el\u00e9ctrico a Espa\u00f1a, Portugal y parte de Francia"},"content":{"rendered":"<p>Un apag\u00f3n masivo afecta este lunes a numerosas ciudades principales de Espa\u00f1a y se extendi\u00f3 a regiones de Portugal y Francia, dejando a millones de usuarios sin suministro el\u00e9ctrico.<\/p>\n<p>La interrupci\u00f3n, que se produjo alrededor del mediod\u00eda europeo, gener\u00f3 serias complicaciones en los servicios de transporte, comunicaciones y en diversas actividades p\u00fablicas.<\/p>\n<p>Entre las ciudades espa\u00f1olas m\u00e1s afectadas figuran Madrid, Barcelona, M\u00e1laga, Sevilla y Murcia. El corte de energ\u00eda impact\u00f3 particularmente en los sistemas de transporte: se reportaron paralizaciones en aeropuertos, interrupciones en el funcionamiento de los sem\u00e1foros y suspensi\u00f3n de los servicios de trenes y metro.<\/p>\n<p>La ca\u00edda del suministro el\u00e9ctrico tambi\u00e9n tuvo consecuencias en el \u00e1mbito deportivo y cultural. En Madrid, por ejemplo, se suspendieron los partidos correspondientes a la s\u00e9ptima jornada del Masters 1000 que se disputaba en la Caja M\u00e1gica, al quedar inutilizados los sistemas de iluminaci\u00f3n y comunicaciones del recinto.<\/p>\n<p>La compa\u00f1\u00eda Red El\u00e9ctrica inform\u00f3 a las 12:56 que se activaron \u00abplanes de reposici\u00f3n del suministro el\u00e9ctrico en colaboraci\u00f3n con las empresas del sector tras el cero ocurrido en el sistema peninsular\u00bb.<\/p>\n<p>Asimismo, indicaron que se est\u00e1n investigando las causas del incidente y que se han movilizado todos los recursos disponibles para su pronta resoluci\u00f3n.<\/p>\n<p>\u00a0<\/p>\n<p>Seg\u00fan datos del gr\u00e1fico de consumo de Red El\u00e9ctrica, a las 12:30 el consumo de energ\u00eda se situaba en torno a los 25.184 megavatios, pero se desplom\u00f3 abruptamente a 12.425 megavatios en cuesti\u00f3n de minutos, reflejando la magnitud del apag\u00f3n.<\/p>\n<p>En Portugal, la agencia Lusa report\u00f3 que diversas zonas tambi\u00e9n quedaron afectadas por el corte, sin que hasta el momento se hubiera logrado restablecer el servicio de forma plena. La agencia EFE constat\u00f3 en Lisboa que numerosos ciudadanos salieron a las calles en busca de informaci\u00f3n ante la falta de comunicaci\u00f3n oficial inmediata.<\/p>\n<p>Hasta el momento, no se difundieron detalles concretos sobre el origen de la falla, mientras los trabajos para restablecer el suministro contin\u00faan en los tres pa\u00edses afectados. Las autoridades investigan las causas del sorpresivo apag\u00f3n y la principal hip\u00f3tesis apunta a un posible ciberataque.<\/p>\n\n\n<p><\/p>\n","protected":false},"excerpt":{"rendered":"<p>Un apag\u00f3n masivo afecta este lunes a numerosas ciudades principales de Espa\u00f1a y se extendi\u00f3 a regiones de Portugal y<\/p>\n","protected":false},"author":1,"featured_media":23348,"comment_status":"closed","ping_status":"closed","sticky":false,"template":"","format":"standard","meta":{"footnotes":"","jetpack_publicize_message":"","jetpack_publicize_feature_enabled":true,"jetpack_social_post_already_shared":true,"jetpack_social_options":{"image_generator_settings":{"template":"highway","enabled":false},"version":2}},"categories":[6],"tags":[],"class_list":["post-23347","post","type-post","status-publish","format-standard","has-post-thumbnail","hentry","category-internacionales"],"jetpack_publicize_connections":[],"_links":{"self":[{"href":"https:\/\/diariorepublica.com.ar\/web\/index.php\/wp-json\/wp\/v2\/posts\/23347"}],"collection":[{"href":"https:\/\/diariorepublica.com.ar\/web\/index.php\/wp-json\/wp\/v2\/posts"}],"about":[{"href":"https:\/\/diariorepublica.com.ar\/web\/index.php\/wp-json\/wp\/v2\/types\/post"}],"author":[{"embeddable":true,"href":"https:\/\/diariorepublica.com.ar\/web\/index.php\/wp-json\/wp\/v2\/users\/1"}],"replies":[{"embeddable":true,"href":"https:\/\/diariorepublica.com.ar\/web\/index.php\/wp-json\/wp\/v2\/comments?post=23347"}],"version-history":[{"count":1,"href":"https:\/\/diariorepublica.com.ar\/web\/index.php\/wp-json\/wp\/v2\/posts\/23347\/revisions"}],"predecessor-version":[{"id":23349,"href":"https:\/\/diariorepublica.com.ar\/web\/index.php\/wp-json\/wp\/v2\/posts\/23347\/revisions\/23349"}],"wp:featuredmedia":[{"embeddable":true,"href":"https:\/\/diariorepublica.com.ar\/web\/index.php\/wp-json\/wp\/v2\/media\/23348"}],"wp:attachment":[{"href":"https:\/\/diariorepublica.com.ar\/web\/index.php\/wp-json\/wp\/v2\/media?parent=23347"}],"wp:term":[{"taxonomy":"category","embeddable":true,"href":"https:\/\/diariorepublica.com.ar\/web\/index.php\/wp-json\/wp\/v2\/categories?post=23347"},{"taxonomy":"post_tag","embeddable":true,"href":"https:\/\/diariorepublica.com.ar\/web\/index.php\/wp-json\/wp\/v2\/tags?post=23347"}],"curies":[{"name":"wp","href":"https:\/\/api.w.org\/{rel}","templated":true}]}}