{"id":23350,"date":"2025-04-28T09:40:36","date_gmt":"2025-04-28T12:40:36","guid":{"rendered":"https:\/\/diariorepublica.com.ar\/web\/?p=23350"},"modified":"2025-04-28T09:40:38","modified_gmt":"2025-04-28T12:40:38","slug":"festividades-marianas-programa-de-este-lunes-en-la-catedral","status":"publish","type":"post","link":"https:\/\/diariorepublica.com.ar\/web\/index.php\/locales\/2025\/04\/28\/festividades-marianas-programa-de-este-lunes-en-la-catedral\/","title":{"rendered":"Festividades Marianas: programa de este lunes en la Catedral"},"content":{"rendered":"<p>Las celebraciones marianas en honor a la Morena del Valle, iniciadas este s\u00e1bado con la Solemne Bajada de la Sagrada Imagen al Presbiterio, prosiguen este lunes en el marco de las fiestas centrales del mes de Abril. La jornada se desarrolla bajo el tema: \u00abLlamados a ser signo de esperanza\u00bb.<\/p>\n<p>Las acciones de la presente jornada tendr\u00e1 como destacado, en horas del mediod\u00eda el Homenaje de los ni\u00f1os, j\u00f3venes y adolescentes de las Escuelas Especiales y de la Catequesis Especial.<\/p>\n<p>Por la noche, la celebraci\u00f3n central ser\u00e1 a las 20 hs y all\u00ed rendir\u00e1 homenaje el Ministerio de Salud.<\/p>\n<p>A continuaci\u00f3n, el detalle del programa del cuarto d\u00eda del novenario:<\/p>\n<figure class=\"image\"><img loading=\"lazy\" decoding=\"async\" class=\"cst_img\" src=\"https:\/\/statics.launion.digital\/2025\/04\/crop\/680f600d07d8f__770x770.webp\" alt=\"programa virgen lunes\" width=\"100\" height=\"100\" \/><figcaption>\u00a0<\/figcaption><\/figure>\n<p>En el caso del Santuario de La Gruta, el segundo d\u00eda del Septenario en honor de la Virgen del Valle, el que celebra los 134 a\u00f1os de la coronaci\u00f3n pontificia de la Sagrada Imagen de la Madre del Valle, tiene los siguientes horarios:<\/p>\n<figure class=\"image\"><img loading=\"lazy\" decoding=\"async\" class=\"cst_img\" src=\"https:\/\/statics.launion.digital\/2025\/04\/crop\/680f600fce4b2__770x770.webp\" alt=\"programa virgen lunes\" width=\"100\" height=\"100\" \/><figcaption>\u00a0<\/figcaption><\/figure>\n","protected":false},"excerpt":{"rendered":"<p>Las celebraciones marianas en honor a la Morena del Valle, iniciadas este s\u00e1bado con la Solemne Bajada de la Sagrada<\/p>\n","protected":false},"author":1,"featured_media":23351,"comment_status":"closed","ping_status":"closed","sticky":false,"template":"","format":"standard","meta":{"footnotes":"","jetpack_publicize_message":"","jetpack_publicize_feature_enabled":true,"jetpack_social_post_already_shared":true,"jetpack_social_options":{"image_generator_settings":{"template":"highway","enabled":false},"version":2}},"categories":[2],"tags":[],"class_list":["post-23350","post","type-post","status-publish","format-standard","has-post-thumbnail","hentry","category-locales"],"jetpack_publicize_connections":[],"_links":{"self":[{"href":"https:\/\/diariorepublica.com.ar\/web\/index.php\/wp-json\/wp\/v2\/posts\/23350"}],"collection":[{"href":"https:\/\/diariorepublica.com.ar\/web\/index.php\/wp-json\/wp\/v2\/posts"}],"about":[{"href":"https:\/\/diariorepublica.com.ar\/web\/index.php\/wp-json\/wp\/v2\/types\/post"}],"author":[{"embeddable":true,"href":"https:\/\/diariorepublica.com.ar\/web\/index.php\/wp-json\/wp\/v2\/users\/1"}],"replies":[{"embeddable":true,"href":"https:\/\/diariorepublica.com.ar\/web\/index.php\/wp-json\/wp\/v2\/comments?post=23350"}],"version-history":[{"count":1,"href":"https:\/\/diariorepublica.com.ar\/web\/index.php\/wp-json\/wp\/v2\/posts\/23350\/revisions"}],"predecessor-version":[{"id":23352,"href":"https:\/\/diariorepublica.com.ar\/web\/index.php\/wp-json\/wp\/v2\/posts\/23350\/revisions\/23352"}],"wp:featuredmedia":[{"embeddable":true,"href":"https:\/\/diariorepublica.com.ar\/web\/index.php\/wp-json\/wp\/v2\/media\/23351"}],"wp:attachment":[{"href":"https:\/\/diariorepublica.com.ar\/web\/index.php\/wp-json\/wp\/v2\/media?parent=23350"}],"wp:term":[{"taxonomy":"category","embeddable":true,"href":"https:\/\/diariorepublica.com.ar\/web\/index.php\/wp-json\/wp\/v2\/categories?post=23350"},{"taxonomy":"post_tag","embeddable":true,"href":"https:\/\/diariorepublica.com.ar\/web\/index.php\/wp-json\/wp\/v2\/tags?post=23350"}],"curies":[{"name":"wp","href":"https:\/\/api.w.org\/{rel}","templated":true}]}}