{"id":23465,"date":"2025-05-06T07:50:35","date_gmt":"2025-05-06T10:50:35","guid":{"rendered":"https:\/\/diariorepublica.com.ar\/web\/?p=23465"},"modified":"2025-05-06T07:50:45","modified_gmt":"2025-05-06T10:50:45","slug":"caso-maradona-declaran-el-director-de-la-clinica-olivos-y-el-cirujano-que-lo-opero","status":"publish","type":"post","link":"https:\/\/diariorepublica.com.ar\/web\/index.php\/nacionales\/2025\/05\/06\/caso-maradona-declaran-el-director-de-la-clinica-olivos-y-el-cirujano-que-lo-opero\/","title":{"rendered":"Caso Maradona: declaran el director de la Cl\u00ednica Olivos y el cirujano que lo oper\u00f3"},"content":{"rendered":"<p><strong>El director de la Cl\u00ednica Olivos y el neurocirujano que oper\u00f3 a\u00a0<\/strong><strong>Diego Armando Maradona<\/strong><strong>\u00a0del hematoma subdural declaran<\/strong>\u00a0este martes en el juicio por la muerte del astro futbol\u00edstico.<\/p>\n<p>Fuentes judiciales informaron a la agencia\u00a0<i>Noticias Argentinas<\/i>\u00a0que se trata de\u00a0<strong>Pablo Dimitroff<\/strong>\u00a0y\u00a0<strong>Pablo Rufino<\/strong>, quien intervino quir\u00fargicamente a Diego por el inconveniente en su cabeza, el cual fue detectado en la Cl\u00ednica Ipensa de La Plata.<\/p>\n<p>Durante su testimonial en la fiscal\u00eda de Patricio Ferrari, Dimitroff manifest\u00f3 que\u00a0<strong>conoci\u00f3<\/strong>\u00a0al m\u00e9dico de cabecera de Maradona,\u00a0<strong>Leopoldo Luque<\/strong>, y a la psiquiatra A<strong>gustina Cosachov durante las internaciones del paciente<\/strong>, mientras que agreg\u00f3:\u00a0<strong>\u00abA Nancy Forlini la conozco de Swiss Medical, la organizaci\u00f3n en la que trabajo yo. Pero es un v\u00ednculo laboral\u00bb.<\/strong><\/p>\n<p>En este sentido, se\u00f1al\u00f3 que\u00a0<strong>\u00abdesde nuestra posici\u00f3n era que nosotros no pod\u00edamos seguir sosteniendo una internaci\u00f3n cl\u00ednica cuando el paciente nos dejaba en claro que se quer\u00eda ir\u00bb.<\/strong><\/p>\n<p>La audiencia comenzar\u00e1 a las 9:30 en el Tribunal Oral en lo Criminal N\u00b03 de San Isidro, donde se desarrolla el debate t\u00e9cnico por el presunto homicidio simple con dolo eventual del ex jugador del Barcelona y Napoli. El delito prev\u00e9 una pena que va de ocho a 25 a\u00f1os de c\u00e1rcel, seg\u00fan establece el C\u00f3digo Penal.<\/p>\n<p>El neurocirujano\u00a0<strong>Leopoldo Luque<\/strong>, la psiquiatra\u00a0<strong>Agustina Cosachov<\/strong>, el psic\u00f3logo\u00a0<strong>Carlos D\u00edaz<\/strong>, el m\u00e9dico cl\u00ednico\u00a0<strong>Pedro Pablo Di Spagna<\/strong>, el enfermero\u00a0<strong>Ricardo Almir\u00f3n,<\/strong>\u00a0el coordinador de enfermeros,\u00a0<strong>Mariano Perroni<\/strong>, y la encargada de gestionar los cuidados m\u00e9dicos en la internaci\u00f3n domiciliaria, Nancy Edith Forlini.<\/p>\n<p>Por su parte, la enfermera\u00a0<strong>Dahiana Gisela Madrid<\/strong>\u00a0enfrentar\u00e1 un juicio por jurados populares durante la segunda parte del a\u00f1o.<\/p>\n<p>NA<\/p>\n","protected":false},"excerpt":{"rendered":"<p>El director de la Cl\u00ednica Olivos y el neurocirujano que oper\u00f3 a\u00a0Diego Armando Maradona\u00a0del hematoma subdural declaran\u00a0este martes en el<\/p>\n","protected":false},"author":1,"featured_media":23466,"comment_status":"closed","ping_status":"closed","sticky":false,"template":"","format":"standard","meta":{"footnotes":"","jetpack_publicize_message":"","jetpack_publicize_feature_enabled":true,"jetpack_social_post_already_shared":true,"jetpack_social_options":{"image_generator_settings":{"template":"highway","enabled":false},"version":2}},"categories":[4],"tags":[],"class_list":["post-23465","post","type-post","status-publish","format-standard","has-post-thumbnail","hentry","category-nacionales"],"jetpack_publicize_connections":[],"_links":{"self":[{"href":"https:\/\/diariorepublica.com.ar\/web\/index.php\/wp-json\/wp\/v2\/posts\/23465"}],"collection":[{"href":"https:\/\/diariorepublica.com.ar\/web\/index.php\/wp-json\/wp\/v2\/posts"}],"about":[{"href":"https:\/\/diariorepublica.com.ar\/web\/index.php\/wp-json\/wp\/v2\/types\/post"}],"author":[{"embeddable":true,"href":"https:\/\/diariorepublica.com.ar\/web\/index.php\/wp-json\/wp\/v2\/users\/1"}],"replies":[{"embeddable":true,"href":"https:\/\/diariorepublica.com.ar\/web\/index.php\/wp-json\/wp\/v2\/comments?post=23465"}],"version-history":[{"count":2,"href":"https:\/\/diariorepublica.com.ar\/web\/index.php\/wp-json\/wp\/v2\/posts\/23465\/revisions"}],"predecessor-version":[{"id":23468,"href":"https:\/\/diariorepublica.com.ar\/web\/index.php\/wp-json\/wp\/v2\/posts\/23465\/revisions\/23468"}],"wp:featuredmedia":[{"embeddable":true,"href":"https:\/\/diariorepublica.com.ar\/web\/index.php\/wp-json\/wp\/v2\/media\/23466"}],"wp:attachment":[{"href":"https:\/\/diariorepublica.com.ar\/web\/index.php\/wp-json\/wp\/v2\/media?parent=23465"}],"wp:term":[{"taxonomy":"category","embeddable":true,"href":"https:\/\/diariorepublica.com.ar\/web\/index.php\/wp-json\/wp\/v2\/categories?post=23465"},{"taxonomy":"post_tag","embeddable":true,"href":"https:\/\/diariorepublica.com.ar\/web\/index.php\/wp-json\/wp\/v2\/tags?post=23465"}],"curies":[{"name":"wp","href":"https:\/\/api.w.org\/{rel}","templated":true}]}}