{"id":23484,"date":"2025-05-07T07:44:02","date_gmt":"2025-05-07T10:44:02","guid":{"rendered":"https:\/\/diariorepublica.com.ar\/web\/?p=23484"},"modified":"2025-05-07T07:44:04","modified_gmt":"2025-05-07T10:44:04","slug":"cuales-seran-los-cinco-grandes-premios-en-los-que-correra-franco-colapinto-en-formula-1","status":"publish","type":"post","link":"https:\/\/diariorepublica.com.ar\/web\/index.php\/deportes\/2025\/05\/07\/cuales-seran-los-cinco-grandes-premios-en-los-que-correra-franco-colapinto-en-formula-1\/","title":{"rendered":"Cu\u00e1les ser\u00e1n los cinco Grandes Premios en los que correr\u00e1 Franco Colapinto en F\u00f3rmula 1"},"content":{"rendered":"<p><strong>Franco Colapinto<\/strong><strong>, finalmente reemplazar\u00e1 al australiano\u00a0<\/strong><strong>Jack Doohan<\/strong><strong>\u00a0<\/strong>en la escuder\u00eda Alpine a partir del\u00a0<strong>Gran Premio de Emilia-Roma\u00f1a en Imola.<\/strong><\/p>\n<p>La noticia fue confirmada durante la madrugada de este mi\u00e9rcoles, aunque con una peculiar aclaraci\u00f3n:<strong>\u00a0en un principio ser\u00e1 durante cinco carreras.<\/strong><\/p>\n<p>De esta manera,\u00a0<strong>Colapinto se volver\u00e1 a subir a un F\u00f3rmula 1 como piloto titular en el\u00a0<\/strong><strong>GP de Emilia-Roma\u00f1a en Imola<\/strong><strong>, entre el 16 y el 18 de mayo.<\/strong><\/p>\n<p><strong>\u00bfCu\u00e1les ser\u00e1n los otros Grandes Premios que disputar\u00e1 Colapinto?<\/strong><\/p>\n<p>Luego del\u00a0<strong>GP de Emilia-Roma\u00f1a<\/strong>, Colapinto viajar\u00e1 r\u00e1pido a\u00a0<strong>M\u00f3naco<\/strong>, donde participar\u00e1 en uno de los circuitos m\u00e1s emblem\u00e1ticos en el mundo del automovilismo el 25 de mayo. Solo una semana despu\u00e9s, ir\u00e1 a\u00a0<strong>Espa\u00f1a\u00a0<\/strong>para el\u00a0<strong>GP de Barcelona<\/strong>, el 1\u00b0 de junio.<\/p>\n<p>Despu\u00e9s de esa seguidilla de Grandes Premios, el argentino tendr\u00e1 un fin de semana de descanso antes de ir a su pr\u00f3ximo destino, que ser\u00e1 el<strong>\u00a0GP de Canad\u00e1<\/strong>\u00a0el 15 de junio.<\/p>\n<p>Finalmente, Colapinto, que ya disput\u00f3 nueve Grandes Premios en 2024, correr\u00e1 en el\u00a0<strong>GP de Austria<\/strong>\u00a0el 29 de junio.<\/p>\n<p>NA<\/p>\n<h4><\/h4>\n<p>La medida que tom\u00f3 Alpine con respecto a Colapinto parece rara, aunque tiene cierto sentido en caso de que al argentino no le vaya bien, lo que dar\u00eda lugar a un posible reemplazo del estonio Paul Aron.<\/p>\n<p>Sin embargo, todo indica que Colapinto correr\u00e1 con Alpine hasta fin de a\u00f1o, principalmente luego de que se confirme que el italiano Flavio Briatore, que es la figura que m\u00e1s lo apoya en Alpine, tome el cargo de director de equipo tras la renuncia del brit\u00e1nico Oliver Oakes.<\/p>\n","protected":false},"excerpt":{"rendered":"<p>Franco Colapinto, finalmente reemplazar\u00e1 al australiano\u00a0Jack Doohan\u00a0en la escuder\u00eda Alpine a partir del\u00a0Gran Premio de Emilia-Roma\u00f1a en Imola. La noticia<\/p>\n","protected":false},"author":1,"featured_media":23486,"comment_status":"closed","ping_status":"closed","sticky":false,"template":"","format":"standard","meta":{"footnotes":"","jetpack_publicize_message":"","jetpack_publicize_feature_enabled":true,"jetpack_social_post_already_shared":true,"jetpack_social_options":{"image_generator_settings":{"template":"highway","enabled":false},"version":2}},"categories":[9],"tags":[],"class_list":["post-23484","post","type-post","status-publish","format-standard","has-post-thumbnail","hentry","category-deportes"],"jetpack_publicize_connections":[],"_links":{"self":[{"href":"https:\/\/diariorepublica.com.ar\/web\/index.php\/wp-json\/wp\/v2\/posts\/23484"}],"collection":[{"href":"https:\/\/diariorepublica.com.ar\/web\/index.php\/wp-json\/wp\/v2\/posts"}],"about":[{"href":"https:\/\/diariorepublica.com.ar\/web\/index.php\/wp-json\/wp\/v2\/types\/post"}],"author":[{"embeddable":true,"href":"https:\/\/diariorepublica.com.ar\/web\/index.php\/wp-json\/wp\/v2\/users\/1"}],"replies":[{"embeddable":true,"href":"https:\/\/diariorepublica.com.ar\/web\/index.php\/wp-json\/wp\/v2\/comments?post=23484"}],"version-history":[{"count":2,"href":"https:\/\/diariorepublica.com.ar\/web\/index.php\/wp-json\/wp\/v2\/posts\/23484\/revisions"}],"predecessor-version":[{"id":23487,"href":"https:\/\/diariorepublica.com.ar\/web\/index.php\/wp-json\/wp\/v2\/posts\/23484\/revisions\/23487"}],"wp:featuredmedia":[{"embeddable":true,"href":"https:\/\/diariorepublica.com.ar\/web\/index.php\/wp-json\/wp\/v2\/media\/23486"}],"wp:attachment":[{"href":"https:\/\/diariorepublica.com.ar\/web\/index.php\/wp-json\/wp\/v2\/media?parent=23484"}],"wp:term":[{"taxonomy":"category","embeddable":true,"href":"https:\/\/diariorepublica.com.ar\/web\/index.php\/wp-json\/wp\/v2\/categories?post=23484"},{"taxonomy":"post_tag","embeddable":true,"href":"https:\/\/diariorepublica.com.ar\/web\/index.php\/wp-json\/wp\/v2\/tags?post=23484"}],"curies":[{"name":"wp","href":"https:\/\/api.w.org\/{rel}","templated":true}]}}