{"id":23629,"date":"2025-05-14T12:36:00","date_gmt":"2025-05-14T15:36:00","guid":{"rendered":"https:\/\/diariorepublica.com.ar\/web\/?p=23629"},"modified":"2025-05-14T07:37:44","modified_gmt":"2025-05-14T10:37:44","slug":"racing-recibe-a-colo-colo-tras-la-sorpresiva-eliminacion-en-el-torneo-apertura","status":"publish","type":"post","link":"https:\/\/diariorepublica.com.ar\/web\/index.php\/deportes\/2025\/05\/14\/racing-recibe-a-colo-colo-tras-la-sorpresiva-eliminacion-en-el-torneo-apertura\/","title":{"rendered":"Racing recibe a Colo-Colo tras la sorpresiva eliminaci\u00f3n en el Torneo Apertura"},"content":{"rendered":"<p><strong>Racing recibir\u00e1 este mi\u00e9rcoles a Colo-Colo de Chile, por la quinta fecha del Grupo E de la Copa Libertadores<\/strong>, con el objetivo de dejar atr\u00e1s la sorpresiva derrota que sufri\u00f3 ante Platense en el Torneo Apertura.<\/p>\n<p><strong>El partido comenzar\u00e1<\/strong>\u00a0<strong>a las 21:30 en el Estadio Presidente Per\u00f3n<\/strong>\u00a0y contar\u00e1 con el arbitraje del uruguayo Gustavo Tejera.<\/p>\n<p><strong>Racing llega a este encuentro envuelto en dudas, luego de la ins\u00f3lita derrota que sufri\u00f3 este s\u00e1bado como local ante Platense, por 1-0<\/strong>, por los octavos de final del Torneo Apertura 2025. La \u201cAcademia\u201d, que es dirigida por Gustavo Costas, fue el \u00fanico equipo que result\u00f3 eliminado como local en dicha instancia.<\/p>\n<p>A esta situaci\u00f3n hay que agregar la\u00a0<strong>lesi\u00f3n del delantero Maximiliano Salas<\/strong>, quien se perder\u00e1 el partido por una lesi\u00f3n en el recto anterior de su pierna izquierda. Su lugar podr\u00eda ser ocupado por Luciano Vietto.<\/p>\n<p><strong>Racing lidera en el Grupo E con siete puntos, la misma cantidad que Fortaleza, aunque los de Avellaneda tienen mejor diferencia de gol.\u00a0<\/strong>En caso de conseguir sumar de a tres, el \u00faltimo campe\u00f3n de la Copa Sudamericana tendr\u00e1 pr\u00e1cticamente asegurada su presencia en los octavos de final.<\/p>\n<p><strong>Colo-Colo, por su parte, tiene solo dos puntos<\/strong>\u00a0y necesita ganar los dos partidos que le quedan y que se den varios resultados para meterse entre los 16 mejores del torneo m\u00e1s importante de Am\u00e9rica.<\/p>\n","protected":false},"excerpt":{"rendered":"<p>Racing recibir\u00e1 este mi\u00e9rcoles a Colo-Colo de Chile, por la quinta fecha del Grupo E de la Copa Libertadores, con<\/p>\n","protected":false},"author":1,"featured_media":23630,"comment_status":"closed","ping_status":"closed","sticky":false,"template":"","format":"standard","meta":{"footnotes":"","jetpack_publicize_message":"","jetpack_publicize_feature_enabled":true,"jetpack_social_post_already_shared":true,"jetpack_social_options":{"image_generator_settings":{"template":"highway","enabled":false},"version":2}},"categories":[9],"tags":[],"class_list":["post-23629","post","type-post","status-publish","format-standard","has-post-thumbnail","hentry","category-deportes"],"jetpack_publicize_connections":[],"_links":{"self":[{"href":"https:\/\/diariorepublica.com.ar\/web\/index.php\/wp-json\/wp\/v2\/posts\/23629"}],"collection":[{"href":"https:\/\/diariorepublica.com.ar\/web\/index.php\/wp-json\/wp\/v2\/posts"}],"about":[{"href":"https:\/\/diariorepublica.com.ar\/web\/index.php\/wp-json\/wp\/v2\/types\/post"}],"author":[{"embeddable":true,"href":"https:\/\/diariorepublica.com.ar\/web\/index.php\/wp-json\/wp\/v2\/users\/1"}],"replies":[{"embeddable":true,"href":"https:\/\/diariorepublica.com.ar\/web\/index.php\/wp-json\/wp\/v2\/comments?post=23629"}],"version-history":[{"count":1,"href":"https:\/\/diariorepublica.com.ar\/web\/index.php\/wp-json\/wp\/v2\/posts\/23629\/revisions"}],"predecessor-version":[{"id":23631,"href":"https:\/\/diariorepublica.com.ar\/web\/index.php\/wp-json\/wp\/v2\/posts\/23629\/revisions\/23631"}],"wp:featuredmedia":[{"embeddable":true,"href":"https:\/\/diariorepublica.com.ar\/web\/index.php\/wp-json\/wp\/v2\/media\/23630"}],"wp:attachment":[{"href":"https:\/\/diariorepublica.com.ar\/web\/index.php\/wp-json\/wp\/v2\/media?parent=23629"}],"wp:term":[{"taxonomy":"category","embeddable":true,"href":"https:\/\/diariorepublica.com.ar\/web\/index.php\/wp-json\/wp\/v2\/categories?post=23629"},{"taxonomy":"post_tag","embeddable":true,"href":"https:\/\/diariorepublica.com.ar\/web\/index.php\/wp-json\/wp\/v2\/tags?post=23629"}],"curies":[{"name":"wp","href":"https:\/\/api.w.org\/{rel}","templated":true}]}}