{"id":23638,"date":"2025-05-14T07:43:57","date_gmt":"2025-05-14T10:43:57","guid":{"rendered":"https:\/\/diariorepublica.com.ar\/web\/?p=23638"},"modified":"2025-05-14T07:43:59","modified_gmt":"2025-05-14T10:43:59","slug":"se-conocio-la-lesion-de-gonzalo-montiel","status":"publish","type":"post","link":"https:\/\/diariorepublica.com.ar\/web\/index.php\/deportes\/2025\/05\/14\/se-conocio-la-lesion-de-gonzalo-montiel\/","title":{"rendered":"Se conoci\u00f3 la lesi\u00f3n de Gonzalo Montiel"},"content":{"rendered":"<p class=\"\"><strong>Montiel tiene una molestia en la cicatriz del desgarro que sufri\u00f3 hace unas semanas,\u00a0<\/strong>espec\u00edficamente en el isquiotibial derecho. Ante esto,\u00a0<strong>se estima que tendr\u00e1 entre diez y quince d\u00edas de recuperaci\u00f3n<\/strong>\u00a0y se perder\u00e1 varios partidos importantes para el equipo de Marcelo Gallardo.<\/p>\n<p class=\"\">En principio,\u00a0<strong>Gonzalo se perder\u00e1 el duelo con Independiente del Valle por la quinta fecha de la fase de grupos de la Copa Libertadores y el encuentro de cuartos de final del Torneo Apertura frente a Platense.<\/strong>\u00a0Habr\u00e1 que esperar su evoluci\u00f3n para ver si llega a una hipot\u00e9tica final y al \u00faltimo partido de grupos del certamen copero ante Universitario.<\/p>\n<p class=\"\"><strong>Lo que tuvo Montiel tras el Supercl\u00e1sico fue un desgarro grado uno<\/strong>, lo que hizo que el cuerpo t\u00e9cnico lo exija para que pueda estar en Guayaquil vs. Barcelona. Su evoluci\u00f3n fue favorable y termin\u00f3 jugando como titular, al igual que ante Barracas. Sin embargo, los pocos d\u00edas de recuperaci\u00f3n le jugaron una mala pasada y vuelve a estar entre algodones.<\/p>\n<p class=\"\">Ahora, a los 29 minutos del primer tiempo frente a Barracas\u00a0<strong>Cachete fue reemplazado por un problema muscular en el posterior derecho<\/strong>. Las alarmas se encendieron inmediatamente, ya que en la misma zona hab\u00eda sufrido este desgarro mencionado.<\/p>\n<p class=\"\"><strong>\u00abLo de Montiel s\u00ed es algo que nos preocupa, porque en el \u00faltimo tiempo ha sufrido varias lesiones<\/strong>\u201d,<strong>\u00a0expres\u00f3 Marcelo Gallardo\u00a0<\/strong>en conferencia de prensa. El Mu\u00f1eco se\u00f1al\u00f3 que \u201cest\u00e1 angustiado por esta reiteraci\u00f3n\u201d y ahora deber\u00e1 trabajar con el cuerpo t\u00e9cnico: \u201cHay que reveer y hablar con \u00e9l y con los m\u00e9dicos para ver c\u00f3mo se lo prepara.\u201d<\/p>\n<p class=\"break-word\">Por otra parte, Paulo D\u00edaz tambi\u00e9n tuvo que ser reemplazado frente a Barracas, pero el entrenador dijo ante los micr\u00f3fonos que fue solamente por precauci\u00f3n. Afortunadamente,\u00a0<strong>el chileno no tiene ninguna lesi\u00f3n y estar\u00e1 disponible para el pr\u00f3ximo encuentro del Millonario ante Independiente del Valle.<\/strong><\/p>\n","protected":false},"excerpt":{"rendered":"<p>Montiel tiene una molestia en la cicatriz del desgarro que sufri\u00f3 hace unas semanas,\u00a0espec\u00edficamente en el isquiotibial derecho. Ante esto,\u00a0se<\/p>\n","protected":false},"author":1,"featured_media":23639,"comment_status":"closed","ping_status":"closed","sticky":false,"template":"","format":"standard","meta":{"footnotes":"","jetpack_publicize_message":"","jetpack_publicize_feature_enabled":true,"jetpack_social_post_already_shared":true,"jetpack_social_options":{"image_generator_settings":{"template":"highway","enabled":false},"version":2}},"categories":[9],"tags":[],"class_list":["post-23638","post","type-post","status-publish","format-standard","has-post-thumbnail","hentry","category-deportes"],"jetpack_publicize_connections":[],"_links":{"self":[{"href":"https:\/\/diariorepublica.com.ar\/web\/index.php\/wp-json\/wp\/v2\/posts\/23638"}],"collection":[{"href":"https:\/\/diariorepublica.com.ar\/web\/index.php\/wp-json\/wp\/v2\/posts"}],"about":[{"href":"https:\/\/diariorepublica.com.ar\/web\/index.php\/wp-json\/wp\/v2\/types\/post"}],"author":[{"embeddable":true,"href":"https:\/\/diariorepublica.com.ar\/web\/index.php\/wp-json\/wp\/v2\/users\/1"}],"replies":[{"embeddable":true,"href":"https:\/\/diariorepublica.com.ar\/web\/index.php\/wp-json\/wp\/v2\/comments?post=23638"}],"version-history":[{"count":1,"href":"https:\/\/diariorepublica.com.ar\/web\/index.php\/wp-json\/wp\/v2\/posts\/23638\/revisions"}],"predecessor-version":[{"id":23640,"href":"https:\/\/diariorepublica.com.ar\/web\/index.php\/wp-json\/wp\/v2\/posts\/23638\/revisions\/23640"}],"wp:featuredmedia":[{"embeddable":true,"href":"https:\/\/diariorepublica.com.ar\/web\/index.php\/wp-json\/wp\/v2\/media\/23639"}],"wp:attachment":[{"href":"https:\/\/diariorepublica.com.ar\/web\/index.php\/wp-json\/wp\/v2\/media?parent=23638"}],"wp:term":[{"taxonomy":"category","embeddable":true,"href":"https:\/\/diariorepublica.com.ar\/web\/index.php\/wp-json\/wp\/v2\/categories?post=23638"},{"taxonomy":"post_tag","embeddable":true,"href":"https:\/\/diariorepublica.com.ar\/web\/index.php\/wp-json\/wp\/v2\/tags?post=23638"}],"curies":[{"name":"wp","href":"https:\/\/api.w.org\/{rel}","templated":true}]}}