{"id":23641,"date":"2025-05-14T07:45:37","date_gmt":"2025-05-14T10:45:37","guid":{"rendered":"https:\/\/diariorepublica.com.ar\/web\/?p=23641"},"modified":"2025-05-14T07:45:39","modified_gmt":"2025-05-14T10:45:39","slug":"rusia-y-ucrania-se-reuniran-en-turquia-para-negociar-el-fin-de-la-guerra","status":"publish","type":"post","link":"https:\/\/diariorepublica.com.ar\/web\/index.php\/internacionales\/2025\/05\/14\/rusia-y-ucrania-se-reuniran-en-turquia-para-negociar-el-fin-de-la-guerra\/","title":{"rendered":"Rusia y Ucrania se reunir\u00e1n en Turqu\u00eda para negociar el fin de la guerra"},"content":{"rendered":"<article id=\"article-post\" class=\"first\">\n<div class=\"cuerpo\" data-twitter-link=\"https:\/\/twitter.com\/intent\/tweet?url=https:\/\/www.diariopopular.com.ar\/c842563&amp;via=poopulardiario&amp;related=Popular&amp;text=\">\n<p>El portavoz del Kremlin,\u00a0<strong>Dmitri Peskov<\/strong>, coment\u00f3 las pr\u00f3ximas conversaciones de\u00a0<strong>Rusia\u00a0<\/strong>y\u00a0<strong>Ucrania\u00a0<\/strong>y confirm\u00f3 que la delegaci\u00f3n de\u00a0<strong>Mosc\u00fa\u00a0<\/strong>esperar\u00e1 a los representantes de Kiev este\u00a0<strong>15 de mayo<\/strong>\u00a0en la ciudad turca de\u00a0<strong>Estambul<\/strong>.<\/p>\n<\/div>\n<\/article>\n<article id=\"article-post\">\n<div class=\"cuerpo\" data-twitter-link=\"https:\/\/twitter.com\/intent\/tweet?url=https:\/\/www.diariopopular.com.ar\/c842563&amp;via=poopulardiario&amp;related=Popular&amp;text=\">\n<p>El vocero no proporcion\u00f3 detalles acerca de la composici\u00f3n de la delegaci\u00f3n rusa, destacando que los representantes de Mosc\u00fa ser\u00e1n anunciados cuando haya la orden pertinente del presidente del pa\u00eds.<\/p>\n<p>El presidente de Estados Unidos, Donald Trump, quien se encuentra de gira por pa\u00edses \u00e1rabes, dijo que podr\u00eda participar de las negocios entre Rusia y Ucrania. Si ello sucediera, es probable que los jefes de Estado ruso, Vladimir Putin y ucraniano, Volodimir Zelenski, participen de la reuni\u00f3n en las que ambas partes negociar\u00e1n el fin del conflicto bilateral que comenz\u00f3 en febrero de 2022.<\/p>\n<p>\u00abSolo puedo confirmar una vez m\u00e1s que todo lo que dijo el presidente en su declaraci\u00f3n nocturna del 11 de mayo sigue siendo v\u00e1lido. De hecho, la delegaci\u00f3n rusa esperar\u00e1 a la delegaci\u00f3n ucraniana en Estambul el jueves 15 de mayo, es decir, ma\u00f1ana\u00bb, dijo Peskov a los periodistas.<\/p>\n<p>El mandatario ruso, Vlad\u00edmir Putin, propuso reanudar el 15 de mayo\u00a0<strong>sin condiciones previas<\/strong>\u00a0las negociaciones directas entre Kiev y Mosc\u00fa que fueron frustradas en 2022. En este contexto, reiter\u00f3 una vez m\u00e1s que el pa\u00eds euroasi\u00e1tico nunca ha abandonado el di\u00e1logo con la parte ucraniana; esto lo hizo Ucrania cuando sali\u00f3 de las negociaciones con Rusia.<\/p>\n<\/div>\n<\/article>\n","protected":false},"excerpt":{"rendered":"<p>El portavoz del Kremlin,\u00a0Dmitri Peskov, coment\u00f3 las pr\u00f3ximas conversaciones de\u00a0Rusia\u00a0y\u00a0Ucrania\u00a0y confirm\u00f3 que la delegaci\u00f3n de\u00a0Mosc\u00fa\u00a0esperar\u00e1 a los representantes de Kiev<\/p>\n","protected":false},"author":1,"featured_media":23642,"comment_status":"closed","ping_status":"closed","sticky":false,"template":"","format":"standard","meta":{"footnotes":"","jetpack_publicize_message":"","jetpack_publicize_feature_enabled":true,"jetpack_social_post_already_shared":true,"jetpack_social_options":{"image_generator_settings":{"template":"highway","enabled":false},"version":2}},"categories":[6],"tags":[],"class_list":["post-23641","post","type-post","status-publish","format-standard","has-post-thumbnail","hentry","category-internacionales"],"jetpack_publicize_connections":[],"_links":{"self":[{"href":"https:\/\/diariorepublica.com.ar\/web\/index.php\/wp-json\/wp\/v2\/posts\/23641"}],"collection":[{"href":"https:\/\/diariorepublica.com.ar\/web\/index.php\/wp-json\/wp\/v2\/posts"}],"about":[{"href":"https:\/\/diariorepublica.com.ar\/web\/index.php\/wp-json\/wp\/v2\/types\/post"}],"author":[{"embeddable":true,"href":"https:\/\/diariorepublica.com.ar\/web\/index.php\/wp-json\/wp\/v2\/users\/1"}],"replies":[{"embeddable":true,"href":"https:\/\/diariorepublica.com.ar\/web\/index.php\/wp-json\/wp\/v2\/comments?post=23641"}],"version-history":[{"count":1,"href":"https:\/\/diariorepublica.com.ar\/web\/index.php\/wp-json\/wp\/v2\/posts\/23641\/revisions"}],"predecessor-version":[{"id":23643,"href":"https:\/\/diariorepublica.com.ar\/web\/index.php\/wp-json\/wp\/v2\/posts\/23641\/revisions\/23643"}],"wp:featuredmedia":[{"embeddable":true,"href":"https:\/\/diariorepublica.com.ar\/web\/index.php\/wp-json\/wp\/v2\/media\/23642"}],"wp:attachment":[{"href":"https:\/\/diariorepublica.com.ar\/web\/index.php\/wp-json\/wp\/v2\/media?parent=23641"}],"wp:term":[{"taxonomy":"category","embeddable":true,"href":"https:\/\/diariorepublica.com.ar\/web\/index.php\/wp-json\/wp\/v2\/categories?post=23641"},{"taxonomy":"post_tag","embeddable":true,"href":"https:\/\/diariorepublica.com.ar\/web\/index.php\/wp-json\/wp\/v2\/tags?post=23641"}],"curies":[{"name":"wp","href":"https:\/\/api.w.org\/{rel}","templated":true}]}}