{"id":23705,"date":"2025-05-15T00:16:00","date_gmt":"2025-05-15T03:16:00","guid":{"rendered":"https:\/\/diariorepublica.com.ar\/web\/?p=23705"},"modified":"2025-05-15T16:17:13","modified_gmt":"2025-05-15T19:17:13","slug":"entregaron-equipamiento-al-servicio-de-oftalmologia-de-sanidad-municipal","status":"publish","type":"post","link":"https:\/\/diariorepublica.com.ar\/web\/index.php\/sociedad\/2025\/05\/15\/entregaron-equipamiento-al-servicio-de-oftalmologia-de-sanidad-municipal\/","title":{"rendered":"Entregaron equipamiento\u00a0al Servicio de Oftalmolog\u00eda de Sanidad Municipal\u00a0"},"content":{"rendered":"<p dir=\"ltr\">El intendente de la Capital, Gustavo Saadi, llev\u00f3 a cabo la entrega de equipamiento para el \u00e1rea oftalmol\u00f3gica de Sanidad Municipal. En esta ocasi\u00f3n, se proporcionaron dos ton\u00f3metros de aplanaci\u00f3n, un foc\u00edmetro para medir la potencia de los lentes oft\u00e1lmicos, un lensometro manual para medir los lentes y herramientas port\u00e1tiles esenciales para las campa\u00f1as de detecci\u00f3n y prevenci\u00f3n del glaucoma.<\/p>\n<p dir=\"ltr\">Durante el evento, el jefe comunal destac\u00f3 la importancia de atender a tiempo problemas visuales: \u00abcuando una persona comienza a perder la vista y no tiene la posibilidad, quiz\u00e1, de tratarlo a tiempo; despu\u00e9s se complica realmente la vida\u00bb.<\/p>\n<p dir=\"ltr\">Por su parte, el Secretario de Salud, Desarrollo Humano y Pol\u00edticas Sociales, Alberto Natella, tambi\u00e9n comparti\u00f3 su alegr\u00eda: \u00abLa verdad que contento, muy feliz, porque ver la cantidad de personal municipal, de agentes sanitarios que se quieren capacitar en estas campa\u00f1as de glaucoma, que vienen siendo un \u00e9xito desde hace un tiempo a esta parte como una pol\u00edtica de gobierno, es muy gratificante\u201d.<\/p>\n<p dir=\"ltr\">Natella agradeci\u00f3 el apoyo del intendente en la atenci\u00f3n primaria y reconoci\u00f3 el compromiso del personal sanitario y anunci\u00f3 una nueva campa\u00f1a municipal de glaucoma que se llevar\u00e1 a cabo el pr\u00f3ximo 22 de mayo en el Nodo Tecnol\u00f3gico: \u00abvamos a estar atendiendo con nueva aparatolog\u00eda e invitamos a todos los vecinos de nuestra Capital que se quieren acercar, que no tengan obra social y que no puedan tener acceso a este sistema de salud\u00bb.<\/p>\n<p dir=\"ltr\">El evento tambi\u00e9n incluy\u00f3 una capacitaci\u00f3n para el personal de Salud del municipio y del Nodo tecnol\u00f3gico.<\/p>\n<p dir=\"ltr\">Acompa\u00f1aron al intendente, el secretario de Salud, Desarrollo Humano y Pol\u00edticas Sociales, Alberto Natella, la directora general de salud, Cintia Ripoll; y los doctores Fabi\u00e1n Hausberger y Mart\u00edn Moretta.<\/p>\n","protected":false},"excerpt":{"rendered":"<p>El intendente de la Capital, Gustavo Saadi, llev\u00f3 a cabo la entrega de equipamiento para el \u00e1rea oftalmol\u00f3gica de Sanidad<\/p>\n","protected":false},"author":1,"featured_media":23706,"comment_status":"closed","ping_status":"closed","sticky":false,"template":"","format":"standard","meta":{"footnotes":"","jetpack_publicize_message":"","jetpack_publicize_feature_enabled":true,"jetpack_social_post_already_shared":true,"jetpack_social_options":{"image_generator_settings":{"template":"highway","enabled":false},"version":2}},"categories":[3],"tags":[],"class_list":["post-23705","post","type-post","status-publish","format-standard","has-post-thumbnail","hentry","category-sociedad"],"jetpack_publicize_connections":[],"_links":{"self":[{"href":"https:\/\/diariorepublica.com.ar\/web\/index.php\/wp-json\/wp\/v2\/posts\/23705"}],"collection":[{"href":"https:\/\/diariorepublica.com.ar\/web\/index.php\/wp-json\/wp\/v2\/posts"}],"about":[{"href":"https:\/\/diariorepublica.com.ar\/web\/index.php\/wp-json\/wp\/v2\/types\/post"}],"author":[{"embeddable":true,"href":"https:\/\/diariorepublica.com.ar\/web\/index.php\/wp-json\/wp\/v2\/users\/1"}],"replies":[{"embeddable":true,"href":"https:\/\/diariorepublica.com.ar\/web\/index.php\/wp-json\/wp\/v2\/comments?post=23705"}],"version-history":[{"count":1,"href":"https:\/\/diariorepublica.com.ar\/web\/index.php\/wp-json\/wp\/v2\/posts\/23705\/revisions"}],"predecessor-version":[{"id":23707,"href":"https:\/\/diariorepublica.com.ar\/web\/index.php\/wp-json\/wp\/v2\/posts\/23705\/revisions\/23707"}],"wp:featuredmedia":[{"embeddable":true,"href":"https:\/\/diariorepublica.com.ar\/web\/index.php\/wp-json\/wp\/v2\/media\/23706"}],"wp:attachment":[{"href":"https:\/\/diariorepublica.com.ar\/web\/index.php\/wp-json\/wp\/v2\/media?parent=23705"}],"wp:term":[{"taxonomy":"category","embeddable":true,"href":"https:\/\/diariorepublica.com.ar\/web\/index.php\/wp-json\/wp\/v2\/categories?post=23705"},{"taxonomy":"post_tag","embeddable":true,"href":"https:\/\/diariorepublica.com.ar\/web\/index.php\/wp-json\/wp\/v2\/tags?post=23705"}],"curies":[{"name":"wp","href":"https:\/\/api.w.org\/{rel}","templated":true}]}}