{"id":23738,"date":"2025-05-19T00:27:00","date_gmt":"2025-05-19T03:27:00","guid":{"rendered":"https:\/\/diariorepublica.com.ar\/web\/?p=23738"},"modified":"2025-05-19T07:28:25","modified_gmt":"2025-05-19T10:28:25","slug":"el-gobierno-acordo-obras-para-santa-maria-y-san-jose","status":"publish","type":"post","link":"https:\/\/diariorepublica.com.ar\/web\/index.php\/politica\/2025\/05\/19\/el-gobierno-acordo-obras-para-santa-maria-y-san-jose\/","title":{"rendered":"El Gobierno acord\u00f3 obras para Santa Mar\u00eda y San Jos\u00e9"},"content":{"rendered":"<p>El gobernador Ra\u00fal Jalil mantuvo una reuni\u00f3n con los intendentes de Santa Mar\u00eda, \u00c9rica Inga, y de San Jos\u00e9, Antonio G\u00f3mez, para coordinar una serie de obras dentro del Plan Estrat\u00e9gico de infraestructura que beneficiar\u00e1 a ambas jurisdicciones del departamento Santa Mar\u00eda.<\/p>\n<p>Durante el encuentro, los jefes comunales plantearon una agenda de prioridades y necesidades para sus respectivas localidades. En este sentido, se acord\u00f3 avanzar con trabajos de pavimentaci\u00f3n y mejoras en la infraestructura vial.<\/p>\n<p>Como parte del acuerdo, autoridades provinciales visitar\u00e1n Santa Mar\u00eda y San Jos\u00e9 durante los primeros d\u00edas de junio. En Santa Mar\u00eda, est\u00e1 prevista una recorrida por la obra del nuevo puente y una evaluaci\u00f3n de los avances de pavimentaci\u00f3n en distintos puntos de la ciudad. En San Jos\u00e9, en tanto, se firmar\u00e1 un convenio para iniciar obras de asfalto en varios barrios, con el objetivo de mejorar la calidad de vida de los vecinos y optimizar la circulaci\u00f3n urbana.<\/p>\n<p>De la reuni\u00f3n participaron tambi\u00e9n el ministro de Gobierno, Seguridad y Justicia, Fernando Monguillot, y el ministro de Hacienda e Infraestructura, Juan Marchetti.<\/p>\n","protected":false},"excerpt":{"rendered":"<p>El gobernador Ra\u00fal Jalil mantuvo una reuni\u00f3n con los intendentes de Santa Mar\u00eda, \u00c9rica Inga, y de San Jos\u00e9, Antonio<\/p>\n","protected":false},"author":1,"featured_media":23739,"comment_status":"closed","ping_status":"closed","sticky":false,"template":"","format":"standard","meta":{"footnotes":"","jetpack_publicize_message":"","jetpack_publicize_feature_enabled":true,"jetpack_social_post_already_shared":true,"jetpack_social_options":{"image_generator_settings":{"template":"highway","enabled":false},"version":2}},"categories":[12],"tags":[],"class_list":["post-23738","post","type-post","status-publish","format-standard","has-post-thumbnail","hentry","category-politica"],"jetpack_publicize_connections":[],"_links":{"self":[{"href":"https:\/\/diariorepublica.com.ar\/web\/index.php\/wp-json\/wp\/v2\/posts\/23738"}],"collection":[{"href":"https:\/\/diariorepublica.com.ar\/web\/index.php\/wp-json\/wp\/v2\/posts"}],"about":[{"href":"https:\/\/diariorepublica.com.ar\/web\/index.php\/wp-json\/wp\/v2\/types\/post"}],"author":[{"embeddable":true,"href":"https:\/\/diariorepublica.com.ar\/web\/index.php\/wp-json\/wp\/v2\/users\/1"}],"replies":[{"embeddable":true,"href":"https:\/\/diariorepublica.com.ar\/web\/index.php\/wp-json\/wp\/v2\/comments?post=23738"}],"version-history":[{"count":1,"href":"https:\/\/diariorepublica.com.ar\/web\/index.php\/wp-json\/wp\/v2\/posts\/23738\/revisions"}],"predecessor-version":[{"id":23740,"href":"https:\/\/diariorepublica.com.ar\/web\/index.php\/wp-json\/wp\/v2\/posts\/23738\/revisions\/23740"}],"wp:featuredmedia":[{"embeddable":true,"href":"https:\/\/diariorepublica.com.ar\/web\/index.php\/wp-json\/wp\/v2\/media\/23739"}],"wp:attachment":[{"href":"https:\/\/diariorepublica.com.ar\/web\/index.php\/wp-json\/wp\/v2\/media?parent=23738"}],"wp:term":[{"taxonomy":"category","embeddable":true,"href":"https:\/\/diariorepublica.com.ar\/web\/index.php\/wp-json\/wp\/v2\/categories?post=23738"},{"taxonomy":"post_tag","embeddable":true,"href":"https:\/\/diariorepublica.com.ar\/web\/index.php\/wp-json\/wp\/v2\/tags?post=23738"}],"curies":[{"name":"wp","href":"https:\/\/api.w.org\/{rel}","templated":true}]}}