{"id":23835,"date":"2025-05-22T07:56:53","date_gmt":"2025-05-22T10:56:53","guid":{"rendered":"https:\/\/diariorepublica.com.ar\/web\/?p=23835"},"modified":"2025-05-22T07:56:54","modified_gmt":"2025-05-22T10:56:54","slug":"asesinaron-a-dos-empleados-de-la-embajada-de-israel-en-estados-unidos","status":"publish","type":"post","link":"https:\/\/diariorepublica.com.ar\/web\/index.php\/internacionales\/2025\/05\/22\/asesinaron-a-dos-empleados-de-la-embajada-de-israel-en-estados-unidos\/","title":{"rendered":"Asesinaron a dos empleados de la Embajada de Israel en Estados Unidos"},"content":{"rendered":"<p><strong>Dos empleados de la Embajada de Israel en Estados Unidos fueron asesinados\u00a0<\/strong>la noche del mi\u00e9rcoles cerca del Museo Jud\u00edo en Washington DC, inform\u00f3 la secretar\u00eda de Seguridad Nacional del pa\u00eds norteamericano, Kristi Noem.<\/p>\n<p><i>\u00abEstamos investigando de forma activa y trabajando para obtener m\u00e1s informaci\u00f3n que compartirles\u00bb<\/i>, public\u00f3 Noem en la red social X.<\/p>\n<p>El tiroteo tuvo lugar cerca del Museo Jud\u00edo Lillian y Albert Small Capital, conocido como Museo Jud\u00edo Capital, seg\u00fan informaci\u00f3n de los medios locales.<\/p>\n<p><strong>La Polic\u00eda identific\u00f3 al sospechoso como El\u00edas Rodr\u00edguez, de 30 a\u00f1os,<\/strong>\u00a0natural de Chicago (Illinois). Durante una rueda de prensa en l\u00ednea, la jefa de la Polic\u00eda de Washington DC, Pamela Smith, declar\u00f3 que el sospechoso grit\u00f3 \u00abPalestina libre\u00bb mientras era arrestado.<\/p>\n<p>El embajador israel\u00ed en Estados Unidos, Yeshiel (Michael) Leite, declar\u00f3 en rueda de prensa que las v\u00edctimas eran una pareja que hab\u00eda estado prepar\u00e1ndose para contraer matrimonio. El portavoz de la embajada, Tal Naim Cohen, confirm\u00f3 que los dos recibieron disparos a quemarropa mientras asist\u00edan a un evento del museo.<\/p>\n<p>Por su parte, el director ejecutivo del Comit\u00e9 Jud\u00edo Estadounidense, Ted Deutch, confirm\u00f3 que su organizaci\u00f3n estaba celebrando un evento en el museo este mi\u00e9rcoles por la noche.<\/p>\n<p>Cohen se\u00f1al\u00f3 que los funcionarios israel\u00edes ten\u00edan \u00abplena confianza en las autoridades encargadas para hacer cumplir la ley a nivel local y federal, capturar al tirador y proteger a los representantes de Israel y las comunidades jud\u00edas en todo Estados Unidos\u00bb.<\/p>\n<p>\u00abHacer da\u00f1o a la comunidad jud\u00eda es cruzar una l\u00ednea roja\u00bb, escribi\u00f3 el embajador de Israel ante las Naciones Unidas, Danny Danon, en X. \u00abConfiamos medidas en que las autoridades estadounidenses tomen en\u00e9rgicas contra los responsables de este acto criminal\u00bb.<\/p>\n<p>Como respuesta, el presidente de Estados Unidos, Donald Trump, abog\u00f3 por el fin de los \u00abhorribles asesinatos en Washington DC, obviamente basados \u200b\u200ben el antisemitismo\u00bb, a trav\u00e9s de una publicaci\u00f3n en la red social Truth Social.<\/p>\n","protected":false},"excerpt":{"rendered":"<p>Dos empleados de la Embajada de Israel en Estados Unidos fueron asesinados\u00a0la noche del mi\u00e9rcoles cerca del Museo Jud\u00edo en<\/p>\n","protected":false},"author":1,"featured_media":23836,"comment_status":"closed","ping_status":"closed","sticky":false,"template":"","format":"standard","meta":{"footnotes":"","jetpack_publicize_message":"","jetpack_publicize_feature_enabled":true,"jetpack_social_post_already_shared":true,"jetpack_social_options":{"image_generator_settings":{"template":"highway","enabled":false},"version":2}},"categories":[6],"tags":[],"class_list":["post-23835","post","type-post","status-publish","format-standard","has-post-thumbnail","hentry","category-internacionales"],"jetpack_publicize_connections":[],"_links":{"self":[{"href":"https:\/\/diariorepublica.com.ar\/web\/index.php\/wp-json\/wp\/v2\/posts\/23835"}],"collection":[{"href":"https:\/\/diariorepublica.com.ar\/web\/index.php\/wp-json\/wp\/v2\/posts"}],"about":[{"href":"https:\/\/diariorepublica.com.ar\/web\/index.php\/wp-json\/wp\/v2\/types\/post"}],"author":[{"embeddable":true,"href":"https:\/\/diariorepublica.com.ar\/web\/index.php\/wp-json\/wp\/v2\/users\/1"}],"replies":[{"embeddable":true,"href":"https:\/\/diariorepublica.com.ar\/web\/index.php\/wp-json\/wp\/v2\/comments?post=23835"}],"version-history":[{"count":1,"href":"https:\/\/diariorepublica.com.ar\/web\/index.php\/wp-json\/wp\/v2\/posts\/23835\/revisions"}],"predecessor-version":[{"id":23837,"href":"https:\/\/diariorepublica.com.ar\/web\/index.php\/wp-json\/wp\/v2\/posts\/23835\/revisions\/23837"}],"wp:featuredmedia":[{"embeddable":true,"href":"https:\/\/diariorepublica.com.ar\/web\/index.php\/wp-json\/wp\/v2\/media\/23836"}],"wp:attachment":[{"href":"https:\/\/diariorepublica.com.ar\/web\/index.php\/wp-json\/wp\/v2\/media?parent=23835"}],"wp:term":[{"taxonomy":"category","embeddable":true,"href":"https:\/\/diariorepublica.com.ar\/web\/index.php\/wp-json\/wp\/v2\/categories?post=23835"},{"taxonomy":"post_tag","embeddable":true,"href":"https:\/\/diariorepublica.com.ar\/web\/index.php\/wp-json\/wp\/v2\/tags?post=23835"}],"curies":[{"name":"wp","href":"https:\/\/api.w.org\/{rel}","templated":true}]}}