{"id":23847,"date":"2025-05-22T10:47:28","date_gmt":"2025-05-22T13:47:28","guid":{"rendered":"https:\/\/diariorepublica.com.ar\/web\/?p=23847"},"modified":"2025-05-22T11:14:26","modified_gmt":"2025-05-22T14:14:26","slug":"detienen-a-otro-argentino-en-venezuela-por-supuesto-plan-conspirativo","status":"publish","type":"post","link":"https:\/\/diariorepublica.com.ar\/web\/index.php\/internacionales\/2025\/05\/22\/detienen-a-otro-argentino-en-venezuela-por-supuesto-plan-conspirativo\/","title":{"rendered":"Detienen a otro argentino en Venezuela por \u201csupuesto plan conspirativo\u00bb"},"content":{"rendered":"<p>Un\u00a0ciudadano\u00a0argentino fue detenido en Venezuela junto a un espa\u00f1ol y a un b\u00falgaro por un \u201csupuesto plan conspirativo\u201d y los tres se suman a los 17 extranjeros encarcelados recientemente en el citado pa\u00eds por su presunto v\u00ednculo con una operaci\u00f3n contra las elecciones del pr\u00f3ximo domingo.<\/p>\n<p>As\u00ed lo inform\u00f3 el titular de Interior de Venezuela,\u00a0<strong>Diosdado Cabello<\/strong>, quien no dio detalles sobre el operativo ni sobre las identidades de los detenidos, mientras que se\u00f1al\u00f3 que el espa\u00f1ol est\u00e1 presuntamente \u201cvinculado a mafias del narcotr\u00e1fico\u201d.<\/p>\n<p><i>\u201cSi vienen para ac\u00e1 a conspirar, los vamos a agarrar, s\u00e9panlo\u201d,<\/i>\u00a0dijo el funcionario durante su programa semanal transmitido por el canal estatal Venezolana de Televisi\u00f3n (VTV), a la vez que dijo que, hasta el lunes, las autoridades hab\u00edan detenido a 38 personas que acus\u00f3 de ser \u201cmercenarios\u201d, de los cuales 17 son extranjeros y 21 venezolanos, entre ellos algunos que \u201cse hab\u00edan ido\u201d del pa\u00eds caribe\u00f1o y \u201cestaban regresando\u201d.<\/p>\n<p>Seg\u00fan Cabello, esas personas<i>\u00a0\u00abformaban parte de un plan para sabotear, por la v\u00eda violenta, las elecciones regionales y parlamentarias\u00bb\u00a0<\/i>que se llevar\u00e1n a cabo el pr\u00f3ximo domingo 25 de mayo y acus\u00f3 Mar\u00eda Corina Machado de estar \u00abdetr\u00e1s de esto\u00bb.<\/p>\n<p>El ministro hab\u00eda denunciado que hab\u00eda un<i><strong>\u00a0\u00abplan antielectoral\u00bb\u00a0<\/strong><\/i>que inclu\u00eda diversos \u00abataques\u00bb contra embajadas, comandos policiales, hospitales y estaciones de servicio, as\u00ed como \u00abatentados contra personalidades (\u2026) tanto de la revoluci\u00f3n (el chavismo) como de la oposici\u00f3n\u00bb<\/p>\n<p>NA<\/p>\n","protected":false},"excerpt":{"rendered":"<p>Un\u00a0ciudadano\u00a0argentino fue detenido en Venezuela junto a un espa\u00f1ol y a un b\u00falgaro por un \u201csupuesto plan conspirativo\u201d y los<\/p>\n","protected":false},"author":1,"featured_media":23848,"comment_status":"closed","ping_status":"closed","sticky":false,"template":"","format":"standard","meta":{"footnotes":"","jetpack_publicize_message":"","jetpack_publicize_feature_enabled":true,"jetpack_social_post_already_shared":true,"jetpack_social_options":{"image_generator_settings":{"template":"highway","enabled":false},"version":2}},"categories":[6],"tags":[],"class_list":["post-23847","post","type-post","status-publish","format-standard","has-post-thumbnail","hentry","category-internacionales"],"jetpack_publicize_connections":[],"_links":{"self":[{"href":"https:\/\/diariorepublica.com.ar\/web\/index.php\/wp-json\/wp\/v2\/posts\/23847"}],"collection":[{"href":"https:\/\/diariorepublica.com.ar\/web\/index.php\/wp-json\/wp\/v2\/posts"}],"about":[{"href":"https:\/\/diariorepublica.com.ar\/web\/index.php\/wp-json\/wp\/v2\/types\/post"}],"author":[{"embeddable":true,"href":"https:\/\/diariorepublica.com.ar\/web\/index.php\/wp-json\/wp\/v2\/users\/1"}],"replies":[{"embeddable":true,"href":"https:\/\/diariorepublica.com.ar\/web\/index.php\/wp-json\/wp\/v2\/comments?post=23847"}],"version-history":[{"count":2,"href":"https:\/\/diariorepublica.com.ar\/web\/index.php\/wp-json\/wp\/v2\/posts\/23847\/revisions"}],"predecessor-version":[{"id":23850,"href":"https:\/\/diariorepublica.com.ar\/web\/index.php\/wp-json\/wp\/v2\/posts\/23847\/revisions\/23850"}],"wp:featuredmedia":[{"embeddable":true,"href":"https:\/\/diariorepublica.com.ar\/web\/index.php\/wp-json\/wp\/v2\/media\/23848"}],"wp:attachment":[{"href":"https:\/\/diariorepublica.com.ar\/web\/index.php\/wp-json\/wp\/v2\/media?parent=23847"}],"wp:term":[{"taxonomy":"category","embeddable":true,"href":"https:\/\/diariorepublica.com.ar\/web\/index.php\/wp-json\/wp\/v2\/categories?post=23847"},{"taxonomy":"post_tag","embeddable":true,"href":"https:\/\/diariorepublica.com.ar\/web\/index.php\/wp-json\/wp\/v2\/tags?post=23847"}],"curies":[{"name":"wp","href":"https:\/\/api.w.org\/{rel}","templated":true}]}}