{"id":23851,"date":"2025-05-22T11:30:46","date_gmt":"2025-05-22T14:30:46","guid":{"rendered":"https:\/\/diariorepublica.com.ar\/web\/?p=23851"},"modified":"2025-05-22T11:30:48","modified_gmt":"2025-05-22T14:30:48","slug":"colapinto-en-el-gp-de-monaco-de-f1-horarios-y-cronograma","status":"publish","type":"post","link":"https:\/\/diariorepublica.com.ar\/web\/index.php\/deportes\/2025\/05\/22\/colapinto-en-el-gp-de-monaco-de-f1-horarios-y-cronograma\/","title":{"rendered":"Colapinto en el GP de M\u00f3naco de F1: horarios y cronograma"},"content":{"rendered":"<p>Luego de la victoria de Max Verstappen (Red Bull) en Emilia-Romagna, el Campeonato del Mundo de la F\u00f3rmula 1 continuar\u00e1 su marcha con el Gran Premio de M\u00f3naco, que ser\u00e1 la octava fecha, y en donde el piloto argentino Franco Colapinto disputar\u00e1 su segunda carrera en la presente temporada 2025 a bordo de Alpine.<\/p>\n<p>El \u00faltimo domingo, el piloto nacido en Pilar hizo su estreno en el a\u00f1o a bordo del monoplaza de la escuder\u00eda francesa tras reemplazar a Jack Doohan y se espera que ocupe el asiento al menos en cinco carreras. En su primera prueba termin\u00f3 16\u00b0 y cumpli\u00f3 su objetivo de terminar la carrera, por lo que en M\u00f3naco ir\u00e1 por m\u00e1s.<\/p>\n<p>En cuanto al campeonato, con el triunfo de Verstappen, cuatro veces campe\u00f3n, la pelea por la punta est\u00e1 que arde. El australiano Oscar Piastri sigue l\u00edder con 146, seguido por su compa\u00f1ero en McLaren, el brit\u00e1nico Lando Norris, con 133, y cierra el neerland\u00e9s, que tiene 126.<\/p>\n<p>Viernes 23 de mayo<\/p>\n<ul>\n<li>Pr\u00e1cticas Libres 1: 8.30 a 9.30 horas<\/li>\n<li>Pr\u00e1cticas Libres 2: 12.00 a 13.00 horas<\/li>\n<\/ul>\n<p>S\u00e1bado 24 de mayo<\/p>\n<ul>\n<li>Pr\u00e1cticas Libres 3: 7.30 a 8.30 horas<\/li>\n<li>Clasificaci\u00f3n: 11.00 a 12.00 horas<\/li>\n<\/ul>\n<p>Domingo 25 de mayo<\/p>\n<ul>\n<li><b>Carrera: 10.00 horas<\/b><\/li>\n<\/ul>\n<p>tycsports.com<\/p>\n","protected":false},"excerpt":{"rendered":"<p>Luego de la victoria de Max Verstappen (Red Bull) en Emilia-Romagna, el Campeonato del Mundo de la F\u00f3rmula 1 continuar\u00e1<\/p>\n","protected":false},"author":1,"featured_media":23852,"comment_status":"closed","ping_status":"closed","sticky":false,"template":"","format":"standard","meta":{"footnotes":"","jetpack_publicize_message":"","jetpack_publicize_feature_enabled":true,"jetpack_social_post_already_shared":true,"jetpack_social_options":{"image_generator_settings":{"template":"highway","enabled":false},"version":2}},"categories":[9],"tags":[],"class_list":["post-23851","post","type-post","status-publish","format-standard","has-post-thumbnail","hentry","category-deportes"],"jetpack_publicize_connections":[],"_links":{"self":[{"href":"https:\/\/diariorepublica.com.ar\/web\/index.php\/wp-json\/wp\/v2\/posts\/23851"}],"collection":[{"href":"https:\/\/diariorepublica.com.ar\/web\/index.php\/wp-json\/wp\/v2\/posts"}],"about":[{"href":"https:\/\/diariorepublica.com.ar\/web\/index.php\/wp-json\/wp\/v2\/types\/post"}],"author":[{"embeddable":true,"href":"https:\/\/diariorepublica.com.ar\/web\/index.php\/wp-json\/wp\/v2\/users\/1"}],"replies":[{"embeddable":true,"href":"https:\/\/diariorepublica.com.ar\/web\/index.php\/wp-json\/wp\/v2\/comments?post=23851"}],"version-history":[{"count":1,"href":"https:\/\/diariorepublica.com.ar\/web\/index.php\/wp-json\/wp\/v2\/posts\/23851\/revisions"}],"predecessor-version":[{"id":23853,"href":"https:\/\/diariorepublica.com.ar\/web\/index.php\/wp-json\/wp\/v2\/posts\/23851\/revisions\/23853"}],"wp:featuredmedia":[{"embeddable":true,"href":"https:\/\/diariorepublica.com.ar\/web\/index.php\/wp-json\/wp\/v2\/media\/23852"}],"wp:attachment":[{"href":"https:\/\/diariorepublica.com.ar\/web\/index.php\/wp-json\/wp\/v2\/media?parent=23851"}],"wp:term":[{"taxonomy":"category","embeddable":true,"href":"https:\/\/diariorepublica.com.ar\/web\/index.php\/wp-json\/wp\/v2\/categories?post=23851"},{"taxonomy":"post_tag","embeddable":true,"href":"https:\/\/diariorepublica.com.ar\/web\/index.php\/wp-json\/wp\/v2\/tags?post=23851"}],"curies":[{"name":"wp","href":"https:\/\/api.w.org\/{rel}","templated":true}]}}