{"id":23879,"date":"2025-05-27T10:08:45","date_gmt":"2025-05-27T13:08:45","guid":{"rendered":"https:\/\/diariorepublica.com.ar\/web\/?p=23879"},"modified":"2025-05-27T10:08:47","modified_gmt":"2025-05-27T13:08:47","slug":"copa-libertadores-estudiantes-vs-carabobo-desde-las-2130","status":"publish","type":"post","link":"https:\/\/diariorepublica.com.ar\/web\/index.php\/deportes\/2025\/05\/27\/copa-libertadores-estudiantes-vs-carabobo-desde-las-2130\/","title":{"rendered":"Copa Libertadores: Estudiantes vs. Carabobo, desde las 21:30"},"content":{"rendered":"<p><b>Estudiantes<\/b>\u00a0y\u00a0<b>Carabobo<\/b>\u00a0se enfrentan a partir de las 21.30 en el Estadio Jorge Luis Hirschi, por la sexta jornada de la fase de grupos de la\u00a0<b>Copa Libertadores 2025<\/b>.<\/p>\n<p>El Pincha encara la \u00faltima fecha con el saber de que una victoria ya lo clasifica a los octavos de final e incluso podr\u00eda quedar puntero del Grupo A (depende de lo que hagan en simult\u00e1neo Botafogo y U. de Chile).<\/p>\n<p>Los dirigidos por Eduardo Dominguez vienen de caer 3 a 2 ante Botafogo y no pudieron sellar su pase a los octavos de final. Previo a la \u00faltima fecha, U. de Chile es puntero con 10 puntos y el cuadro argentino y brasile\u00f1o tienen una unidad menos. De igualar, Estudiantes deber\u00e1 esperar que se d\u00e9 el mismo resultado en Brasil o que los chilenos den la sorpresa.<\/p>\n<p>Por el otro lado, el Granate ya no se juega nada, solo ha empatado una vez en los cinco partidos disputados y luego de esta jornada se despedir\u00e1 del torneo m\u00e1s importante a nivel internacional para Sudam\u00e9rica. El incentivo ser\u00e1 el bono econ\u00f3mico por obtener una victoria, porque debido a la gran distancia con los tres clubes del grupo A, no hay posibilidad alguna de que clasifique como tercero a la Sudamericana.<\/p>\n<ul>\n<li>Hora: 21.30<\/li>\n<li>TV: Fox Sports 2<\/li>\n<li>\u00c1rbitro: Augusto Men\u00e9ndez (PER)<\/li>\n<li>VAR: Joel Alarc\u00f3n (PER)<\/li>\n<li>Estadio: Jorge Luis Hirschi<\/li>\n<\/ul>\n<p>tycsports.com<\/p>\n","protected":false},"excerpt":{"rendered":"<p>Estudiantes\u00a0y\u00a0Carabobo\u00a0se enfrentan a partir de las 21.30 en el Estadio Jorge Luis Hirschi, por la sexta jornada de la fase<\/p>\n","protected":false},"author":1,"featured_media":23880,"comment_status":"closed","ping_status":"closed","sticky":false,"template":"","format":"standard","meta":{"footnotes":"","jetpack_publicize_message":"","jetpack_publicize_feature_enabled":true,"jetpack_social_post_already_shared":true,"jetpack_social_options":{"image_generator_settings":{"template":"highway","enabled":false},"version":2}},"categories":[9],"tags":[],"class_list":["post-23879","post","type-post","status-publish","format-standard","has-post-thumbnail","hentry","category-deportes"],"jetpack_publicize_connections":[],"_links":{"self":[{"href":"https:\/\/diariorepublica.com.ar\/web\/index.php\/wp-json\/wp\/v2\/posts\/23879"}],"collection":[{"href":"https:\/\/diariorepublica.com.ar\/web\/index.php\/wp-json\/wp\/v2\/posts"}],"about":[{"href":"https:\/\/diariorepublica.com.ar\/web\/index.php\/wp-json\/wp\/v2\/types\/post"}],"author":[{"embeddable":true,"href":"https:\/\/diariorepublica.com.ar\/web\/index.php\/wp-json\/wp\/v2\/users\/1"}],"replies":[{"embeddable":true,"href":"https:\/\/diariorepublica.com.ar\/web\/index.php\/wp-json\/wp\/v2\/comments?post=23879"}],"version-history":[{"count":1,"href":"https:\/\/diariorepublica.com.ar\/web\/index.php\/wp-json\/wp\/v2\/posts\/23879\/revisions"}],"predecessor-version":[{"id":23881,"href":"https:\/\/diariorepublica.com.ar\/web\/index.php\/wp-json\/wp\/v2\/posts\/23879\/revisions\/23881"}],"wp:featuredmedia":[{"embeddable":true,"href":"https:\/\/diariorepublica.com.ar\/web\/index.php\/wp-json\/wp\/v2\/media\/23880"}],"wp:attachment":[{"href":"https:\/\/diariorepublica.com.ar\/web\/index.php\/wp-json\/wp\/v2\/media?parent=23879"}],"wp:term":[{"taxonomy":"category","embeddable":true,"href":"https:\/\/diariorepublica.com.ar\/web\/index.php\/wp-json\/wp\/v2\/categories?post=23879"},{"taxonomy":"post_tag","embeddable":true,"href":"https:\/\/diariorepublica.com.ar\/web\/index.php\/wp-json\/wp\/v2\/tags?post=23879"}],"curies":[{"name":"wp","href":"https:\/\/api.w.org\/{rel}","templated":true}]}}