{"id":23882,"date":"2025-05-27T12:01:08","date_gmt":"2025-05-27T15:01:08","guid":{"rendered":"https:\/\/diariorepublica.com.ar\/web\/?p=23882"},"modified":"2025-05-27T12:01:09","modified_gmt":"2025-05-27T15:01:09","slug":"lado-b-presenta-sonido-uncaico-fusion-de-sonido-ancestral-y-contemporaneo","status":"publish","type":"post","link":"https:\/\/diariorepublica.com.ar\/web\/index.php\/sociedad\/2025\/05\/27\/lado-b-presenta-sonido-uncaico-fusion-de-sonido-ancestral-y-contemporaneo\/","title":{"rendered":"Lado B presenta Sonido Uncaico, fusi\u00f3n de sonido ancestral y contempor\u00e1neo"},"content":{"rendered":"<p>Este viernes 30 de mayo, a las 20.30, en el Museo Hist\u00f3rico (Chacabuco 425), Lado B presenta a Sonido Uncaico, un proyecto musical catamarque\u00f1o nacido en 2013 de la mano de Facundo Avellaneda. Con la incorporaci\u00f3n de DJ Noize en bases, loops, arreglos y coros, creando una fusi\u00f3n de ritmos latinos, sonidos ancestrales y contempor\u00e1neos.<\/p>\n<p>Su esencia se basa en la experimentaci\u00f3n sonora incorporando paisajes sonoros locales, adem\u00e1s de las ra\u00edces norte\u00f1as y andinas interpretadas en ritmos festivos con letras reflejadas en la alegr\u00eda de las cosas simples combinando sonidos tradicionales andinos con elementos contempor\u00e1neos, creando una original propuesta dentro de la escena musical.<\/p>\n<p>Una de sus producciones m\u00e1s destacadas es el video oficial de la canci\u00f3n \u00abEs al pedo\u00bb, lanzado en 2021, donde el d\u00fao muestra su enfoque art\u00edstico y su conexi\u00f3n con la cultura catamarque\u00f1a, participaron tambi\u00e9n en el programa del Centro de Arte Sonoro donde compartieron espacio con otros artistas de la regi\u00f3n.<\/p>\n<p>Su impronta los llev\u00f3 a formar parte de proyectos como \u00abArtes y Silencios: Ruta musical de los pueblos del Este Catamarque\u00f1o\u00bb, un documental que busca revalorizar la m\u00fasica y los paisajes del este de Catamarca, haciendo foco en la identidad provincial a trav\u00e9s de su cultura aut\u00f3ctona.<\/p>\n<p>El ciclo de ac\u00fasticos Lado B es una iniciativa cultural impulsada por el Ministerio de Cultura, Turismo y Deporte, con la organizaci\u00f3n de la Secretar\u00eda de Gesti\u00f3n Cultural, est\u00e1 caracterizado por brindar un espacio para artistas emergentes y estilos de diversos g\u00e9neros musicales.<\/p>\n<p>El ingreso al concierto tendr\u00e1 el valor de un bono contribuci\u00f3n de $7000.<\/p>\n","protected":false},"excerpt":{"rendered":"<p>Este viernes 30 de mayo, a las 20.30, en el Museo Hist\u00f3rico (Chacabuco 425), Lado B presenta a Sonido Uncaico,<\/p>\n","protected":false},"author":1,"featured_media":23883,"comment_status":"closed","ping_status":"closed","sticky":false,"template":"","format":"standard","meta":{"footnotes":"","jetpack_publicize_message":"","jetpack_publicize_feature_enabled":true,"jetpack_social_post_already_shared":true,"jetpack_social_options":{"image_generator_settings":{"template":"highway","enabled":false},"version":2}},"categories":[3],"tags":[],"class_list":["post-23882","post","type-post","status-publish","format-standard","has-post-thumbnail","hentry","category-sociedad"],"jetpack_publicize_connections":[],"_links":{"self":[{"href":"https:\/\/diariorepublica.com.ar\/web\/index.php\/wp-json\/wp\/v2\/posts\/23882"}],"collection":[{"href":"https:\/\/diariorepublica.com.ar\/web\/index.php\/wp-json\/wp\/v2\/posts"}],"about":[{"href":"https:\/\/diariorepublica.com.ar\/web\/index.php\/wp-json\/wp\/v2\/types\/post"}],"author":[{"embeddable":true,"href":"https:\/\/diariorepublica.com.ar\/web\/index.php\/wp-json\/wp\/v2\/users\/1"}],"replies":[{"embeddable":true,"href":"https:\/\/diariorepublica.com.ar\/web\/index.php\/wp-json\/wp\/v2\/comments?post=23882"}],"version-history":[{"count":1,"href":"https:\/\/diariorepublica.com.ar\/web\/index.php\/wp-json\/wp\/v2\/posts\/23882\/revisions"}],"predecessor-version":[{"id":23884,"href":"https:\/\/diariorepublica.com.ar\/web\/index.php\/wp-json\/wp\/v2\/posts\/23882\/revisions\/23884"}],"wp:featuredmedia":[{"embeddable":true,"href":"https:\/\/diariorepublica.com.ar\/web\/index.php\/wp-json\/wp\/v2\/media\/23883"}],"wp:attachment":[{"href":"https:\/\/diariorepublica.com.ar\/web\/index.php\/wp-json\/wp\/v2\/media?parent=23882"}],"wp:term":[{"taxonomy":"category","embeddable":true,"href":"https:\/\/diariorepublica.com.ar\/web\/index.php\/wp-json\/wp\/v2\/categories?post=23882"},{"taxonomy":"post_tag","embeddable":true,"href":"https:\/\/diariorepublica.com.ar\/web\/index.php\/wp-json\/wp\/v2\/tags?post=23882"}],"curies":[{"name":"wp","href":"https:\/\/api.w.org\/{rel}","templated":true}]}}