{"id":23885,"date":"2025-05-27T16:01:00","date_gmt":"2025-05-27T19:01:00","guid":{"rendered":"https:\/\/diariorepublica.com.ar\/web\/?p=23885"},"modified":"2025-05-27T12:02:20","modified_gmt":"2025-05-27T15:02:20","slug":"llega-la-iii-edicion-del-evento-de-comic-y-manga-de-la-vicegobernacion-en-el-urbano-girardi","status":"publish","type":"post","link":"https:\/\/diariorepublica.com.ar\/web\/index.php\/locales\/2025\/05\/27\/llega-la-iii-edicion-del-evento-de-comic-y-manga-de-la-vicegobernacion-en-el-urbano-girardi\/","title":{"rendered":"Llega la III Edici\u00f3n del evento de Comic y Manga de la Vicegobernaci\u00f3n en el Urbano Girardi"},"content":{"rendered":"<div>Este domingo 1 de junio se llevar\u00e1 a cabo la esperada tercera edici\u00f3n del evento de Comic y Manga en el Urbano Girardi, (Avda. Enrique Ocampo 58), organizado por el equipo de la Vicegobernaci\u00f3n que conduce Rub\u00e9n Dusso.<\/p>\n<p>La jornada, que se extender\u00e1 desde las 15:00 hasta las 21:00 horas, presentar\u00e1 el veredicto del concurso de dibujo en el que se particip\u00f3 de manera abierta durante las pasadas semanas, con env\u00edos de obras desde distintos puntos de la ciudad y la provincia, as\u00ed como se llevar\u00e1 adelante, en esa misma jornada, un concurso de cosplay que contar\u00e1 con la presencia de la cosplayer riojana Milkymoo y las artistas invitadas Aldana Leiva Cervera y Venusaky Cosplayer.<\/p>\n<p>Adem\u00e1s, se podr\u00e1 disfrutar tanto de m\u00fasica en vivo a cargo de bandas y solistas como Fulanos del rock, Instituto Rub\u00ednstein (rock, folklore y pop), Viento Forte (rock nacional y openings en colaboraci\u00f3n con el d\u00fao Vanelly), Dios Sabr\u00e1 (rock) \u00a0y Ensoin (rock nacional y comercial).<\/p>\n<p>Los asistentes tambi\u00e9n podr\u00e1n disfrutar de las agrupaciones de baile con Pilar de Vida (Ballet de adultos mayores), Centro Vecinal Antinaco (Ritmos Latinos),EVEA y la Agrupaci\u00f3n de K-Pop Catamarca.<\/p>\n<p>Desde la provincia de Tucum\u00e1n llegar\u00e1 Le\u00f3n Albino Club y su \u00e9pica propuesta de combate medieval, as\u00ed como tambi\u00e9n el festival contar\u00e1 con la participaci\u00f3n de Friki Bus con Vanesuchi y Felipe.<\/p>\n<p>Adem\u00e1s, se ofrecer\u00e1 un Espacio Gamer, Juegos, Talleres, Charlas y Feria de Emprendedores, junto a muchas otras actividades m\u00e1s llevadas a cabo por los diferentes equipos de trabajo de la Vicegobernaci\u00f3n.<\/p><\/div>\n<div><\/div>\n","protected":false},"excerpt":{"rendered":"<p>Este domingo 1 de junio se llevar\u00e1 a cabo la esperada tercera edici\u00f3n del evento de Comic y Manga en<\/p>\n","protected":false},"author":1,"featured_media":23886,"comment_status":"closed","ping_status":"closed","sticky":false,"template":"","format":"standard","meta":{"footnotes":"","jetpack_publicize_message":"","jetpack_publicize_feature_enabled":true,"jetpack_social_post_already_shared":true,"jetpack_social_options":{"image_generator_settings":{"template":"highway","enabled":false},"version":2}},"categories":[2],"tags":[],"class_list":["post-23885","post","type-post","status-publish","format-standard","has-post-thumbnail","hentry","category-locales"],"jetpack_publicize_connections":[],"_links":{"self":[{"href":"https:\/\/diariorepublica.com.ar\/web\/index.php\/wp-json\/wp\/v2\/posts\/23885"}],"collection":[{"href":"https:\/\/diariorepublica.com.ar\/web\/index.php\/wp-json\/wp\/v2\/posts"}],"about":[{"href":"https:\/\/diariorepublica.com.ar\/web\/index.php\/wp-json\/wp\/v2\/types\/post"}],"author":[{"embeddable":true,"href":"https:\/\/diariorepublica.com.ar\/web\/index.php\/wp-json\/wp\/v2\/users\/1"}],"replies":[{"embeddable":true,"href":"https:\/\/diariorepublica.com.ar\/web\/index.php\/wp-json\/wp\/v2\/comments?post=23885"}],"version-history":[{"count":1,"href":"https:\/\/diariorepublica.com.ar\/web\/index.php\/wp-json\/wp\/v2\/posts\/23885\/revisions"}],"predecessor-version":[{"id":23887,"href":"https:\/\/diariorepublica.com.ar\/web\/index.php\/wp-json\/wp\/v2\/posts\/23885\/revisions\/23887"}],"wp:featuredmedia":[{"embeddable":true,"href":"https:\/\/diariorepublica.com.ar\/web\/index.php\/wp-json\/wp\/v2\/media\/23886"}],"wp:attachment":[{"href":"https:\/\/diariorepublica.com.ar\/web\/index.php\/wp-json\/wp\/v2\/media?parent=23885"}],"wp:term":[{"taxonomy":"category","embeddable":true,"href":"https:\/\/diariorepublica.com.ar\/web\/index.php\/wp-json\/wp\/v2\/categories?post=23885"},{"taxonomy":"post_tag","embeddable":true,"href":"https:\/\/diariorepublica.com.ar\/web\/index.php\/wp-json\/wp\/v2\/tags?post=23885"}],"curies":[{"name":"wp","href":"https:\/\/api.w.org\/{rel}","templated":true}]}}