{"id":23888,"date":"2025-05-28T00:14:00","date_gmt":"2025-05-28T03:14:00","guid":{"rendered":"https:\/\/diariorepublica.com.ar\/web\/?p=23888"},"modified":"2025-05-28T07:15:46","modified_gmt":"2025-05-28T10:15:46","slug":"continuan-los-operativos-de-atencion-integral-para-adultos-mayores-y-personas-con-discapacidad","status":"publish","type":"post","link":"https:\/\/diariorepublica.com.ar\/web\/index.php\/sociedad\/2025\/05\/28\/continuan-los-operativos-de-atencion-integral-para-adultos-mayores-y-personas-con-discapacidad\/","title":{"rendered":"Contin\u00faan los operativos de Atenci\u00f3n Integral para Adultos Mayores y Personas con Discapacidad"},"content":{"rendered":"<div dir=\"auto\">En el Se.Pa.Ve San Jorge se llev\u00f3 a cabo el segundo operativo de salud gratuito del a\u00f1o, dirigido a adultos mayores y personas con discapacidad, bajo el lema \u00abTu salud, nuestra prioridad\u00bb. la jornada, que se desarroll\u00f3 durante la ma\u00f1ana, ofreci\u00f3 una amplia gama de servicios esenciales para el bienestar de los vecinos y vecinas.<\/div>\n<div dir=\"auto\"><\/div>\n<div dir=\"auto\">Entre las prestaciones ofrecidas se encontraban: atenci\u00f3n en salud mental, Punto Giro, Punto Violeta, asistencia del programa Sube, recepci\u00f3n de documentaci\u00f3n a trav\u00e9s del programa \u00abTe Veo Bien\u00bb, tr\u00e1mites de DNI, servicios del vivero municipal, peluquer\u00eda social, un carrito saludable con alimentos nutritivos, atenci\u00f3n del laboratorio m\u00f3vil y consultas de obstetricia, odontolog\u00eda y oftalmolog\u00eda.<\/div>\n<div dir=\"auto\">\n<div dir=\"auto\">El operativo cont\u00f3 con una importante participaci\u00f3n, reflejada en las siguientes estad\u00edsticas:<\/div>\n<div dir=\"auto\"><\/div>\n<div dir=\"auto\">*\u00a0<strong>Laboratorio<\/strong>: 5 atenciones<\/div>\n<div dir=\"auto\">*\u00a0<strong>Vacunaci\u00f3n<\/strong>: 23 vacunas aplicadas<\/div>\n<div dir=\"auto\">*\u00a0<strong>Podolog\u00eda<\/strong>: 8 evaluaciones<\/div>\n<div dir=\"auto\">*\u00a0<strong>Ginecolog\u00eda<\/strong>: 12 chequeos<\/div>\n<div dir=\"auto\">*\u00a0<strong>Cardiolog\u00eda<\/strong>: 22 revisiones<\/div>\n<div dir=\"auto\">*\u00a0<strong>Enfermer\u00eda<\/strong>: 42 asistencias<\/div>\n<div dir=\"auto\">*\u00a0<strong>Cl\u00ednico<\/strong>: 15 valoraciones<\/div>\n<div dir=\"auto\">*\u00a0<strong>Nutrici\u00f3n<\/strong>: 6 asesoramientos<\/div>\n<div dir=\"auto\">*\u00a0<strong>Farmacia<\/strong>: 20 servicios<\/div>\n<div dir=\"auto\">*\u00a0<strong>Odontolog\u00eda<\/strong>: 14 tratamientos<\/div>\n<div dir=\"auto\"><\/div>\n<div dir=\"auto\"><\/div>\n<div dir=\"auto\">Natalia Maturano, directora del programa Municipio en Tu Barrio, expres\u00f3: \u00abHoy pudimos hacer el operativo en un lugar cerrado porque ten\u00edamos previsto que pod\u00eda llegar a llover. A pesar de la lluvia, muy buena concurrencia de cada uno de los vecinos. la intenci\u00f3n y la voluntad es que se haga todo el a\u00f1o. lo vamos a hacer durante todo el a\u00f1o, todos los \u00faltimos mi\u00e9rcoles o martes de cada mes.\u00bb<\/div>\n<div dir=\"auto\">\u00abEntendemos que este grupo etario es el que m\u00e1s necesita ahora, es el m\u00e1s golpeado y es el menos tenido en cuenta. por eso ha sido una decisi\u00f3n pol\u00edtica, tanto de nuestro intendente como del secretario, poder mantener la estabilidad de este operativo en particular.\u00bb<\/div>\n<div dir=\"auto\"><\/div>\n<div dir=\"auto\">Adem\u00e1s agreg\u00f3: \u00abTratamos de captar lo que ellos m\u00e1s necesitan. tenemos distintas especialidades aqu\u00ed tambi\u00e9n. tenemos laboratorio m\u00f3vil, que es imposible muchas veces llevarlo. estamos haciendo electros en cardiolog\u00eda. Tambi\u00e9n tenemos m\u00e9dico cl\u00ednico, nutricionista y odont\u00f3logo. Est\u00e1n viendo cada uno de los detalles que ellos necesitan.\u00bb<\/div>\n<div dir=\"auto\"><\/div>\n<div dir=\"auto\">\u00abTenemos farmacia y vacunaci\u00f3n. es decir, si te recetan algo, nosotros vamos a resolver la medicaci\u00f3n que necesitan. As\u00ed que est\u00e1 todo bastante completo.\u00bb<\/div>\n<div dir=\"auto\"><\/div>\n<div dir=\"auto\">Esta iniciativa es coordinada entre la Administraci\u00f3n de los Consejos Multisectoriales y la Secretar\u00eda de Salud Municipal.<\/div>\n<div dir=\"auto\"><\/div>\n<div dir=\"auto\">La alta concurrencia demuestra la necesidad y el impacto positivo de estos operativos para la salud de la poblaci\u00f3n adulta mayor y personas con discapacidad de la ciudad.<\/div>\n<\/div>\n","protected":false},"excerpt":{"rendered":"<p>En el Se.Pa.Ve San Jorge se llev\u00f3 a cabo el segundo operativo de salud gratuito del a\u00f1o, dirigido a adultos<\/p>\n","protected":false},"author":1,"featured_media":23889,"comment_status":"closed","ping_status":"closed","sticky":false,"template":"","format":"standard","meta":{"footnotes":"","jetpack_publicize_message":"","jetpack_publicize_feature_enabled":true,"jetpack_social_post_already_shared":true,"jetpack_social_options":{"image_generator_settings":{"template":"highway","enabled":false},"version":2}},"categories":[3],"tags":[],"class_list":["post-23888","post","type-post","status-publish","format-standard","has-post-thumbnail","hentry","category-sociedad"],"jetpack_publicize_connections":[],"_links":{"self":[{"href":"https:\/\/diariorepublica.com.ar\/web\/index.php\/wp-json\/wp\/v2\/posts\/23888"}],"collection":[{"href":"https:\/\/diariorepublica.com.ar\/web\/index.php\/wp-json\/wp\/v2\/posts"}],"about":[{"href":"https:\/\/diariorepublica.com.ar\/web\/index.php\/wp-json\/wp\/v2\/types\/post"}],"author":[{"embeddable":true,"href":"https:\/\/diariorepublica.com.ar\/web\/index.php\/wp-json\/wp\/v2\/users\/1"}],"replies":[{"embeddable":true,"href":"https:\/\/diariorepublica.com.ar\/web\/index.php\/wp-json\/wp\/v2\/comments?post=23888"}],"version-history":[{"count":1,"href":"https:\/\/diariorepublica.com.ar\/web\/index.php\/wp-json\/wp\/v2\/posts\/23888\/revisions"}],"predecessor-version":[{"id":23890,"href":"https:\/\/diariorepublica.com.ar\/web\/index.php\/wp-json\/wp\/v2\/posts\/23888\/revisions\/23890"}],"wp:featuredmedia":[{"embeddable":true,"href":"https:\/\/diariorepublica.com.ar\/web\/index.php\/wp-json\/wp\/v2\/media\/23889"}],"wp:attachment":[{"href":"https:\/\/diariorepublica.com.ar\/web\/index.php\/wp-json\/wp\/v2\/media?parent=23888"}],"wp:term":[{"taxonomy":"category","embeddable":true,"href":"https:\/\/diariorepublica.com.ar\/web\/index.php\/wp-json\/wp\/v2\/categories?post=23888"},{"taxonomy":"post_tag","embeddable":true,"href":"https:\/\/diariorepublica.com.ar\/web\/index.php\/wp-json\/wp\/v2\/tags?post=23888"}],"curies":[{"name":"wp","href":"https:\/\/api.w.org\/{rel}","templated":true}]}}