{"id":2390,"date":"2023-05-04T09:48:00","date_gmt":"2023-05-04T12:48:00","guid":{"rendered":"https:\/\/diariorepublica.com.ar\/web\/?p=2390"},"modified":"2023-05-04T07:49:33","modified_gmt":"2023-05-04T10:49:33","slug":"dia-de-star-wars-por-que-se-celebra-el-4-de-mayo","status":"publish","type":"post","link":"https:\/\/diariorepublica.com.ar\/web\/index.php\/sociedad\/2023\/05\/04\/dia-de-star-wars-por-que-se-celebra-el-4-de-mayo\/","title":{"rendered":"D\u00eda de Star Wars:\u00a0\u00bf por qu\u00e9 se celebra el 4 de mayo?"},"content":{"rendered":"<p dir=\"ltr\">Los millones de fans de todo el mundo de la saga\u00a0<strong>Star Wars<\/strong>, al poco tiempo del estreno de la pel\u00edcula, en 1977 tuvieron la extra\u00f1a necesidad de tener un d\u00eda para celebrar cada a\u00f1o esta obra creada por George Lucas.<\/p>\n<p dir=\"ltr\">El d\u00eda de Star Wars o de La Guerra de las Galaxias como se lo llam\u00f3 en la Argentina, existe desde\u00a0<strong>1979.<\/strong>\u00a0La fecha establecida,\u00a04 de mayo<strong>,<\/strong>\u00a0no fue elegida por el d\u00eda de estreno de la primera entrega, ni por el primer d\u00eda de rodaje. Fue por una<strong>\u00a0similitud fon\u00e9tica<\/strong>\u00a0descubierta por el Partido Conservador brit\u00e1nico que se lo tom\u00f3 muy en serio y encontr\u00f3 que la pronunciaci\u00f3n\u00a0<strong>May the 4th ten\u00eda casi id\u00e9ntica con la frase May the force,<\/strong>\u00a0que alude a que La fuerza te acompa\u00f1e.<\/p>\n<p dir=\"ltr\">Que la fuerza te acompa\u00f1e es una cita presente en todas las pel\u00edculas\u00a0desde el gran estreno de Mark Hamill, Harrison Ford, Carrie Fisher o Peter Cushin en\u00a0Star Wars: Episode IV &#8211; A New Hope, el 25 de mayo de 1977.<\/p>\n<p dir=\"ltr\">Para aquellos que gustan de la animaci\u00f3n,\u00a0<strong>Disney+<\/strong>\u00a0presenta tres opciones para celebrar:\u00a0<strong>Star Wars: Visions,\u00a0Star Wars: The Bad Batch\u00a0y\u00a0Star Wars: La guerra de los clones.<\/strong>\u00a0La primera consiste en una colecci\u00f3n de historias cortas, a trav\u00e9s del anim\u00e9.\u00a0Star Wars: The Bad Batch, por su parte, sigue a los clones experimentales de \u00e9lite de El Lote Malo. Y est\u00e1n las siete temporadas completas de\u00a0Star Wars: La guerra de los clones, la serie de avanzada animaci\u00f3n digital.<\/p>\n<p dir=\"ltr\">Y hay m\u00e1s. La Fuerza llega a\u00a0Disney\u00a0Channel\u00a0con los cortos especiales de<strong>\u00a0LEGO\u00a0Star<\/strong>\u00a0Wars\u00a0durante todo el mes. Estos\u00a0cortometrajes\u00a0incluyen aventuras en la nieve y hechos fantasmales que deben enfrentar los personajes de\u00a0Star\u00a0Wars.<\/p>\n","protected":false},"excerpt":{"rendered":"<p>Los millones de fans de todo el mundo de la saga\u00a0Star Wars, al poco tiempo del estreno de la pel\u00edcula,<\/p>\n","protected":false},"author":1,"featured_media":2393,"comment_status":"closed","ping_status":"closed","sticky":false,"template":"","format":"standard","meta":{"footnotes":"","jetpack_publicize_message":"","jetpack_publicize_feature_enabled":true,"jetpack_social_post_already_shared":false,"jetpack_social_options":{"image_generator_settings":{"template":"highway","enabled":false},"version":2}},"categories":[3],"tags":[],"class_list":["post-2390","post","type-post","status-publish","format-standard","has-post-thumbnail","hentry","category-sociedad"],"jetpack_publicize_connections":[],"_links":{"self":[{"href":"https:\/\/diariorepublica.com.ar\/web\/index.php\/wp-json\/wp\/v2\/posts\/2390"}],"collection":[{"href":"https:\/\/diariorepublica.com.ar\/web\/index.php\/wp-json\/wp\/v2\/posts"}],"about":[{"href":"https:\/\/diariorepublica.com.ar\/web\/index.php\/wp-json\/wp\/v2\/types\/post"}],"author":[{"embeddable":true,"href":"https:\/\/diariorepublica.com.ar\/web\/index.php\/wp-json\/wp\/v2\/users\/1"}],"replies":[{"embeddable":true,"href":"https:\/\/diariorepublica.com.ar\/web\/index.php\/wp-json\/wp\/v2\/comments?post=2390"}],"version-history":[{"count":1,"href":"https:\/\/diariorepublica.com.ar\/web\/index.php\/wp-json\/wp\/v2\/posts\/2390\/revisions"}],"predecessor-version":[{"id":2394,"href":"https:\/\/diariorepublica.com.ar\/web\/index.php\/wp-json\/wp\/v2\/posts\/2390\/revisions\/2394"}],"wp:featuredmedia":[{"embeddable":true,"href":"https:\/\/diariorepublica.com.ar\/web\/index.php\/wp-json\/wp\/v2\/media\/2393"}],"wp:attachment":[{"href":"https:\/\/diariorepublica.com.ar\/web\/index.php\/wp-json\/wp\/v2\/media?parent=2390"}],"wp:term":[{"taxonomy":"category","embeddable":true,"href":"https:\/\/diariorepublica.com.ar\/web\/index.php\/wp-json\/wp\/v2\/categories?post=2390"},{"taxonomy":"post_tag","embeddable":true,"href":"https:\/\/diariorepublica.com.ar\/web\/index.php\/wp-json\/wp\/v2\/tags?post=2390"}],"curies":[{"name":"wp","href":"https:\/\/api.w.org\/{rel}","templated":true}]}}