{"id":23938,"date":"2025-05-29T00:07:00","date_gmt":"2025-05-29T03:07:00","guid":{"rendered":"https:\/\/diariorepublica.com.ar\/web\/?p=23938"},"modified":"2025-05-29T07:58:38","modified_gmt":"2025-05-29T10:58:38","slug":"goleada-historica-de-independiente-7-0-a-nacional-potosi","status":"publish","type":"post","link":"https:\/\/diariorepublica.com.ar\/web\/index.php\/deportes\/2025\/05\/29\/goleada-historica-de-independiente-7-0-a-nacional-potosi\/","title":{"rendered":"Goleada hist\u00f3rica de Independiente: 7-0 a Nacional Potos\u00ed\u00a0"},"content":{"rendered":"<article id=\"article-post\" class=\"first\">\n<div class=\"cuerpo\" data-twitter-link=\"https:\/\/twitter.com\/intent\/tweet?url=https:\/\/www.diariopopular.com.ar\/c844768&amp;via=poopulardiario&amp;related=Popular&amp;text=\">\n<p><strong>Independiente gole\u00f3 por 7 a 0 a Nacional Potos\u00ed en el Libertadores de Am\u00e9rica en lo que es la m\u00e1xima goleada en la historia del club en el plano internacional y clasific\u00f3 directamente a los octavos de final de la Copa Sudamericana.<\/strong>\u00a0Santiago Montiel (por duplicado), Diego Tarzia, Felipe Loyola, Lautaro Mill\u00e1n, Santiago Echeverr\u00eda en contra y Pablo Galdames marcaron para el Rojo.<\/p>\n<\/div>\n<\/article>\n<article id=\"article-post\">\n<div class=\"cuerpo\" data-twitter-link=\"https:\/\/twitter.com\/intent\/tweet?url=https:\/\/www.diariopopular.com.ar\/c844768&amp;via=poopulardiario&amp;related=Popular&amp;text=\">\n<p><strong>Independiente abri\u00f3 el marcador a los 25 minutos con un gol de Santiago Montiel,<\/strong>\u00a0quien luego de fallar un penal captur\u00f3 el rebote del arquero y de cabeza mand\u00f3 el bal\u00f3n a la red. Diego Tarzia estir\u00f3 la ventaja a los 33&#8242; con un gran remate cruzado despu\u00e9s de una buena jugada colectiva. Y el Rojo se fue 2-0 al descanso.<\/p>\n<p><strong>El local sali\u00f3 con todo al complemento y a los cinco minutos consigui\u00f3 el 3-0: con una buena definici\u00f3n de Loyola\u00a0<\/strong>despu\u00e9s de una jugada individual de Montiel donde se mostr\u00f3 imparable. Y el cuarto cay\u00f3 dos minutos despu\u00e9s con un cabezazo abajo del \u00e1rea del propio Montiel, figura indiscutida del partido.<\/p>\n<div id=\"embed95_wrap\" class=\"embed_cont type_freetext\" contenteditable=\"false\">\n<div id=\"embed95_content\" class=\"embed_content\">\n<div id=\"embed95_embed\"><iframe loading=\"lazy\" title=\"YouTube video player\" src=\"https:\/\/www.youtube.com\/embed\/oE0oSDH9HIY?si=r_y_Nb9Mrd26kKY6\" width=\"560\" height=\"315\" frameborder=\"0\" allowfullscreen=\"allowfullscreen\" data-gtm-yt-inspected-15=\"true\" data-mce-fragment=\"1\"><\/iframe><\/div>\n<\/div>\n<div id=\"embed95_epigrafe\" class=\"embed_epigrafe\"><\/div>\n<div id=\"embed95_copyright\" class=\"embed_copyright\"><\/div>\n<\/div>\n<p data-start=\"2509\" data-end=\"2899\"><strong>Mill\u00e1n puso el 5-0 a los 31&#8242; con un remate que encontr\u00f3 una floja respuesta del arquero.\u00a0<\/strong>Y minutos despu\u00e9s Santiago Echeverr\u00eda, zaguero de Nacional Potos\u00ed, termin\u00f3 en contra marcando el sexto de Independiente en un intento de despejar un centro. Por \u00faltimo, Galdames defini\u00f3 con suma precisi\u00f3n para el 7-0 final para los libros de historia del club.<\/p>\n<p data-start=\"2509\" data-end=\"2899\">Con este triunfo,\u00a0<strong>el conjunto dirigido por Julio Vaccari cerr\u00f3 la fase de grupos como l\u00edder del Grupo A con doce puntos<\/strong>. Y se levant\u00f3 del duro traspi\u00e9 de quedar eliminado del Torneo Apertura a manos de Hurac\u00e1n en semifinales en una serie que se defini\u00f3 por penales tras igualar sin goles en el tiempo reglamentario.<\/p>\n<p data-start=\"3935\" data-end=\"4175\">Por su parte,\u00a0<strong>el conjunto boliviano qued\u00f3 \u00faltimo en la tabla con siete unidades,<\/strong>\u00a0por lo que no podr\u00e1 participar de la siguiente instancia. El equipo visitante no pudo dar el golpe y perdi\u00f3 la oportunidad de clasificarse por primera vez en su historia a una instancia eliminatoria internacional. Guaran\u00ed fue segundo y pas\u00f3 a 16avos de la Sudamericana.<\/p>\n<\/div>\n<\/article>\n","protected":false},"excerpt":{"rendered":"<p>Independiente gole\u00f3 por 7 a 0 a Nacional Potos\u00ed en el Libertadores de Am\u00e9rica en lo que es la m\u00e1xima<\/p>\n","protected":false},"author":1,"featured_media":23939,"comment_status":"closed","ping_status":"closed","sticky":false,"template":"","format":"standard","meta":{"footnotes":"","jetpack_publicize_message":"","jetpack_publicize_feature_enabled":true,"jetpack_social_post_already_shared":true,"jetpack_social_options":{"image_generator_settings":{"template":"highway","enabled":false},"version":2}},"categories":[9],"tags":[],"class_list":["post-23938","post","type-post","status-publish","format-standard","has-post-thumbnail","hentry","category-deportes"],"jetpack_publicize_connections":[],"_links":{"self":[{"href":"https:\/\/diariorepublica.com.ar\/web\/index.php\/wp-json\/wp\/v2\/posts\/23938"}],"collection":[{"href":"https:\/\/diariorepublica.com.ar\/web\/index.php\/wp-json\/wp\/v2\/posts"}],"about":[{"href":"https:\/\/diariorepublica.com.ar\/web\/index.php\/wp-json\/wp\/v2\/types\/post"}],"author":[{"embeddable":true,"href":"https:\/\/diariorepublica.com.ar\/web\/index.php\/wp-json\/wp\/v2\/users\/1"}],"replies":[{"embeddable":true,"href":"https:\/\/diariorepublica.com.ar\/web\/index.php\/wp-json\/wp\/v2\/comments?post=23938"}],"version-history":[{"count":1,"href":"https:\/\/diariorepublica.com.ar\/web\/index.php\/wp-json\/wp\/v2\/posts\/23938\/revisions"}],"predecessor-version":[{"id":23940,"href":"https:\/\/diariorepublica.com.ar\/web\/index.php\/wp-json\/wp\/v2\/posts\/23938\/revisions\/23940"}],"wp:featuredmedia":[{"embeddable":true,"href":"https:\/\/diariorepublica.com.ar\/web\/index.php\/wp-json\/wp\/v2\/media\/23939"}],"wp:attachment":[{"href":"https:\/\/diariorepublica.com.ar\/web\/index.php\/wp-json\/wp\/v2\/media?parent=23938"}],"wp:term":[{"taxonomy":"category","embeddable":true,"href":"https:\/\/diariorepublica.com.ar\/web\/index.php\/wp-json\/wp\/v2\/categories?post=23938"},{"taxonomy":"post_tag","embeddable":true,"href":"https:\/\/diariorepublica.com.ar\/web\/index.php\/wp-json\/wp\/v2\/tags?post=23938"}],"curies":[{"name":"wp","href":"https:\/\/api.w.org\/{rel}","templated":true}]}}