{"id":24009,"date":"2025-06-02T07:47:00","date_gmt":"2025-06-02T10:47:00","guid":{"rendered":"https:\/\/diariorepublica.com.ar\/web\/?p=24009"},"modified":"2025-06-02T08:29:36","modified_gmt":"2025-06-02T11:29:36","slug":"gran-hermano-asi-quedo-la-placa-final-de-nominados-de-cara-a-la-eliminacion-de-este-lunes","status":"publish","type":"post","link":"https:\/\/diariorepublica.com.ar\/web\/index.php\/espectaculos\/2025\/06\/02\/gran-hermano-asi-quedo-la-placa-final-de-nominados-de-cara-a-la-eliminacion-de-este-lunes\/","title":{"rendered":"Gran Hermano:\u00a0as\u00ed qued\u00f3 la placa final de nominados de cara a la eliminaci\u00f3n de este lunes"},"content":{"rendered":"<p>Cuando quedan los \u00faltimos ocho participantes, y tras los ingresos de exjugaodres,<strong>\u00a0Gran Hermano se encamina a una nueva\u00a0eliminaci\u00f3n<\/strong>, que comenz\u00f3 este domingo y que se resolver\u00e1 el lunes.<\/p>\n<p>Pas\u00f3 de todo este domingo, con la<strong>\u00a0expulsi\u00f3n de Bati y con la salida de placa de dos de los seis nominados<\/strong>. As\u00ed, los \u00faltimos cuatro siguen en el tel\u00e9fono para conocer al nuevo eliminado<\/p>\n<p>La gala comenz\u00f3 con seis participantes con riesgo, siendo solo Santiago y Luz quienes se encontraban a salvo.<\/p>\n<p>En este contexto, <strong>Juan Pablo, junto a Giualino, fue el primero en ser salvado. Y luego le toc\u00f3 a Ulises<\/strong>, que hace dupla con Jenifer y que tambi\u00e9n se asegur\u00f3 un lugar entre los siete mejores.<\/p>\n<p>De esta manera quedaron los\u00a0<strong>\u00faltimos cuatro\u00a0nominados, uno de los cuales se ir\u00e1 este lunes: <\/strong>Selva, Eugenia, Katia, Sandra.<\/p>\n<p>Mientras se prepara la nueva eliminaci\u00f3n, que dejar\u00e1 la casa con sus \u00faltimos siete participantes;\u00a0<strong>Gran Hermano confirm\u00f3 la fecha para la gran final de la edici\u00f3n.<\/strong><\/p>\n<div class=\"relative flex items-center justify-center\">\n<div class=\"z-10\">\n<div id=\"InRead\"><\/div>\n<\/div>\n<\/div>\n<p>Hace algunas semanas, el conductor Santiago del Moro sorprendi\u00f3 a los jugadores que segu\u00edan en el reality con una cena, y luego de algunas actividades, revel\u00f3 el contenido de un sobre que ten\u00eda consigo: un papel que dec\u00eda\u00a0<strong>\u201clas cuatro estaciones\u201d.<\/strong><\/p>\n<p>Fue de esta forma que, entonces, el animador les inform\u00f3 as\u00ed a los participantes que en esta edici\u00f3n vivir\u00e1n las cuatro estaciones dentro de la casa, ya que<strong>\u00a0<\/strong>finalizar\u00e1 \u201cen los primeros d\u00edas del invierno\u201d.<\/p>\n<p>Si bien en esa oportunidad no dio la fecha exacta,\u00a0<strong>Del Moro<\/strong>\u00a0aclar\u00f3 que iba a ser despu\u00e9s del inicio del invierno, es decir tras el 21 de junio; pero \u201cno m\u00e1s que el 27 de junio\u201d.<\/p>\n<div class=\"twitter-tweet twitter-tweet-rendered\"><iframe id=\"twitter-widget-0\" class=\"\" title=\"X Post\" src=\"https:\/\/platform.twitter.com\/embed\/Tweet.html?creatorScreenName=canal26noticias&amp;dnt=false&amp;embedId=twitter-widget-0&amp;features=eyJ0ZndfdGltZWxpbmVfbGlzdCI6eyJidWNrZXQiOltdLCJ2ZXJzaW9uIjpudWxsfSwidGZ3X2ZvbGxvd2VyX2NvdW50X3N1bnNldCI6eyJidWNrZXQiOnRydWUsInZlcnNpb24iOm51bGx9LCJ0ZndfdHdlZXRfZWRpdF9iYWNrZW5kIjp7ImJ1Y2tldCI6Im9uIiwidmVyc2lvbiI6bnVsbH0sInRmd19yZWZzcmNfc2Vzc2lvbiI6eyJidWNrZXQiOiJvbiIsInZlcnNpb24iOm51bGx9LCJ0ZndfZm9zbnJfc29mdF9pbnRlcnZlbnRpb25zX2VuYWJsZWQiOnsiYnVja2V0Ijoib24iLCJ2ZXJzaW9uIjpudWxsfSwidGZ3X21peGVkX21lZGlhXzE1ODk3Ijp7ImJ1Y2tldCI6InRyZWF0bWVudCIsInZlcnNpb24iOm51bGx9LCJ0ZndfZXhwZXJpbWVudHNfY29va2llX2V4cGlyYXRpb24iOnsiYnVja2V0IjoxMjA5NjAwLCJ2ZXJzaW9uIjpudWxsfSwidGZ3X3Nob3dfYmlyZHdhdGNoX3Bpdm90c19lbmFibGVkIjp7ImJ1Y2tldCI6Im9uIiwidmVyc2lvbiI6bnVsbH0sInRmd19kdXBsaWNhdGVfc2NyaWJlc190b19zZXR0aW5ncyI6eyJidWNrZXQiOiJvbiIsInZlcnNpb24iOm51bGx9LCJ0ZndfdXNlX3Byb2ZpbGVfaW1hZ2Vfc2hhcGVfZW5hYmxlZCI6eyJidWNrZXQiOiJvbiIsInZlcnNpb24iOm51bGx9LCJ0ZndfdmlkZW9faGxzX2R5bmFtaWNfbWFuaWZlc3RzXzE1MDgyIjp7ImJ1Y2tldCI6InRydWVfYml0cmF0ZSIsInZlcnNpb24iOm51bGx9LCJ0ZndfbGVnYWN5X3RpbWVsaW5lX3N1bnNldCI6eyJidWNrZXQiOnRydWUsInZlcnNpb24iOm51bGx9LCJ0ZndfdHdlZXRfZWRpdF9mcm9udGVuZCI6eyJidWNrZXQiOiJvbiIsInZlcnNpb24iOm51bGx9fQ%3D%3D&amp;frame=false&amp;hideCard=false&amp;hideThread=false&amp;id=1929375765046436148&amp;lang=es&amp;maxWidth=560px&amp;origin=https%3A%2F%2Fwww.canal26.com%2Fespectaculos%2Fgran-hermano-asi-quedo-la-placa-final-de-nominados-de-cara-a-la-eliminacion-de-este-lunes--425990&amp;sessionId=338216bc3c2212107872fd658c04a9955ee3472d&amp;siteScreenName=canal26noticias&amp;theme=light&amp;widgetsVersion=2615f7e52b7e0%3A1702314776716&amp;width=550px\" frameborder=\"0\" scrolling=\"no\" allowfullscreen=\"allowfullscreen\" data-gtm-yt-inspected-93850210_50=\"true\" data-gtm-yt-inspected-93850210_102=\"true\" data-gtm-yt-inspected-19=\"true\" data-gtm-yt-inspected-24=\"true\" data-tweet-id=\"1929375765046436148\" data-mce-fragment=\"1\"><\/iframe><\/div>\n<p>Finalmente, este domingo, durante la gala de eliminaci\u00f3n, le puso fecha definitiva al cierre del programa:\u00a0<strong>el martes 24 de junio ser\u00e1 la esperada final.<\/strong><\/p>\n","protected":false},"excerpt":{"rendered":"<p>Cuando quedan los \u00faltimos ocho participantes, y tras los ingresos de exjugaodres,\u00a0Gran Hermano se encamina a una nueva\u00a0eliminaci\u00f3n, que comenz\u00f3<\/p>\n","protected":false},"author":1,"featured_media":24010,"comment_status":"closed","ping_status":"closed","sticky":false,"template":"","format":"standard","meta":{"footnotes":"","jetpack_publicize_message":"","jetpack_publicize_feature_enabled":true,"jetpack_social_post_already_shared":true,"jetpack_social_options":{"image_generator_settings":{"template":"highway","enabled":false},"version":2}},"categories":[7],"tags":[],"class_list":["post-24009","post","type-post","status-publish","format-standard","has-post-thumbnail","hentry","category-espectaculos"],"jetpack_publicize_connections":[],"_links":{"self":[{"href":"https:\/\/diariorepublica.com.ar\/web\/index.php\/wp-json\/wp\/v2\/posts\/24009"}],"collection":[{"href":"https:\/\/diariorepublica.com.ar\/web\/index.php\/wp-json\/wp\/v2\/posts"}],"about":[{"href":"https:\/\/diariorepublica.com.ar\/web\/index.php\/wp-json\/wp\/v2\/types\/post"}],"author":[{"embeddable":true,"href":"https:\/\/diariorepublica.com.ar\/web\/index.php\/wp-json\/wp\/v2\/users\/1"}],"replies":[{"embeddable":true,"href":"https:\/\/diariorepublica.com.ar\/web\/index.php\/wp-json\/wp\/v2\/comments?post=24009"}],"version-history":[{"count":1,"href":"https:\/\/diariorepublica.com.ar\/web\/index.php\/wp-json\/wp\/v2\/posts\/24009\/revisions"}],"predecessor-version":[{"id":24011,"href":"https:\/\/diariorepublica.com.ar\/web\/index.php\/wp-json\/wp\/v2\/posts\/24009\/revisions\/24011"}],"wp:featuredmedia":[{"embeddable":true,"href":"https:\/\/diariorepublica.com.ar\/web\/index.php\/wp-json\/wp\/v2\/media\/24010"}],"wp:attachment":[{"href":"https:\/\/diariorepublica.com.ar\/web\/index.php\/wp-json\/wp\/v2\/media?parent=24009"}],"wp:term":[{"taxonomy":"category","embeddable":true,"href":"https:\/\/diariorepublica.com.ar\/web\/index.php\/wp-json\/wp\/v2\/categories?post=24009"},{"taxonomy":"post_tag","embeddable":true,"href":"https:\/\/diariorepublica.com.ar\/web\/index.php\/wp-json\/wp\/v2\/tags?post=24009"}],"curies":[{"name":"wp","href":"https:\/\/api.w.org\/{rel}","templated":true}]}}