{"id":24039,"date":"2025-06-03T11:41:17","date_gmt":"2025-06-03T14:41:17","guid":{"rendered":"https:\/\/diariorepublica.com.ar\/web\/?p=24039"},"modified":"2025-06-03T11:41:18","modified_gmt":"2025-06-03T14:41:18","slug":"fiesta-del-poncho-2025-se-duplica-el-cupo-de-entradas-para-personas-con-discapacidad","status":"publish","type":"post","link":"https:\/\/diariorepublica.com.ar\/web\/index.php\/sociedad\/2025\/06\/03\/fiesta-del-poncho-2025-se-duplica-el-cupo-de-entradas-para-personas-con-discapacidad\/","title":{"rendered":"Fiesta del Poncho 2025: Se duplica el cupo de entradas para personas con discapacidad"},"content":{"rendered":"<p>El Ministerio de Cultura, Turismo y Deporte, en coordinaci\u00f3n con la Direcci\u00f3n Provincial de Asistencia Integral a Personas con Discapacidad del Ministerio de Salud y representantes del Consejo Multisectorial de la Municipalidad de la Capital, se reuni\u00f3 para dialogar y avanzar en la modalidad de expendio de entradas para personas con discapacidad.<\/p>\n<p>Como novedad, y en funci\u00f3n de garantizar la accesibilidad e inclusi\u00f3n en la 54\u00b0 Fiesta Nacional e Internacional del Poncho, la organizaci\u00f3n decidi\u00f3 duplicar el cupo de entradas destinadas a personas con discapacidad, llevando el porcentaje del 2% \u2014establecido por la normativa vigente\u2014 al 4% del aforo total del Sal\u00f3n Mayor.<\/p>\n<p>La entrega de entradas para personas con discapacidad comenzar\u00e1 el mismo d\u00eda de la venta general, tanto en forma presencial como mediante reserva virtual.<\/p>\n<p>Para garantizar el ingreso, ser\u00e1 necesario presentar DNI y CUD vigente en el momento de la compra, ya sea de forma presencial o virtual. Adem\u00e1s, se realizar\u00e1 la validaci\u00f3n del CUD en la p\u00e1gina oficial de la organizaci\u00f3n.<\/p>\n<p>Por \u00faltimo, se solicita a las personas con CUD que realicen reservas y, por alguna raz\u00f3n, no puedan asistir en alguna jornada, efect\u00faen la devoluci\u00f3n correspondiente una vez habilitado el sistema, con el objetivo de facilitar el acceso a otras personas.<\/p>\n<p>Capacitacionesfiesta del poncho<\/p>\n<p>La Direcci\u00f3n Provincial de Asistencia Integral a Personas con Discapacidad, dependiente del Ministerio de Salud de la Provincia, llevar\u00e1 adelante capacitaciones destinadas al personal de boleter\u00edas y accesos del Escenario Mayor del festival. El objetivo es garantizar una atenci\u00f3n respetuosa e inclusiva a personas con discapacidad, y asegurar que la verificaci\u00f3n del Certificado \u00danico de Discapacidad (CUD) se realice de manera adecuada y conforme a la normativa vigente.<\/p>\n","protected":false},"excerpt":{"rendered":"<p>El Ministerio de Cultura, Turismo y Deporte, en coordinaci\u00f3n con la Direcci\u00f3n Provincial de Asistencia Integral a Personas con Discapacidad<\/p>\n","protected":false},"author":1,"featured_media":24040,"comment_status":"closed","ping_status":"closed","sticky":false,"template":"","format":"standard","meta":{"footnotes":"","jetpack_publicize_message":"","jetpack_publicize_feature_enabled":true,"jetpack_social_post_already_shared":true,"jetpack_social_options":{"image_generator_settings":{"template":"highway","enabled":false},"version":2}},"categories":[3],"tags":[],"class_list":["post-24039","post","type-post","status-publish","format-standard","has-post-thumbnail","hentry","category-sociedad"],"jetpack_publicize_connections":[],"_links":{"self":[{"href":"https:\/\/diariorepublica.com.ar\/web\/index.php\/wp-json\/wp\/v2\/posts\/24039"}],"collection":[{"href":"https:\/\/diariorepublica.com.ar\/web\/index.php\/wp-json\/wp\/v2\/posts"}],"about":[{"href":"https:\/\/diariorepublica.com.ar\/web\/index.php\/wp-json\/wp\/v2\/types\/post"}],"author":[{"embeddable":true,"href":"https:\/\/diariorepublica.com.ar\/web\/index.php\/wp-json\/wp\/v2\/users\/1"}],"replies":[{"embeddable":true,"href":"https:\/\/diariorepublica.com.ar\/web\/index.php\/wp-json\/wp\/v2\/comments?post=24039"}],"version-history":[{"count":1,"href":"https:\/\/diariorepublica.com.ar\/web\/index.php\/wp-json\/wp\/v2\/posts\/24039\/revisions"}],"predecessor-version":[{"id":24041,"href":"https:\/\/diariorepublica.com.ar\/web\/index.php\/wp-json\/wp\/v2\/posts\/24039\/revisions\/24041"}],"wp:featuredmedia":[{"embeddable":true,"href":"https:\/\/diariorepublica.com.ar\/web\/index.php\/wp-json\/wp\/v2\/media\/24040"}],"wp:attachment":[{"href":"https:\/\/diariorepublica.com.ar\/web\/index.php\/wp-json\/wp\/v2\/media?parent=24039"}],"wp:term":[{"taxonomy":"category","embeddable":true,"href":"https:\/\/diariorepublica.com.ar\/web\/index.php\/wp-json\/wp\/v2\/categories?post=24039"},{"taxonomy":"post_tag","embeddable":true,"href":"https:\/\/diariorepublica.com.ar\/web\/index.php\/wp-json\/wp\/v2\/tags?post=24039"}],"curies":[{"name":"wp","href":"https:\/\/api.w.org\/{rel}","templated":true}]}}