{"id":24042,"date":"2025-06-03T11:49:03","date_gmt":"2025-06-03T14:49:03","guid":{"rendered":"https:\/\/diariorepublica.com.ar\/web\/?p=24042"},"modified":"2025-06-03T11:49:05","modified_gmt":"2025-06-03T14:49:05","slug":"los-gobernadores-se-reunen-hoy-por-la-caida-de-la-coparticipacion-federal","status":"publish","type":"post","link":"https:\/\/diariorepublica.com.ar\/web\/index.php\/politica\/2025\/06\/03\/los-gobernadores-se-reunen-hoy-por-la-caida-de-la-coparticipacion-federal\/","title":{"rendered":"Los gobernadores se re\u00fanen hoy por la ca\u00edda de la coparticipaci\u00f3n federal"},"content":{"rendered":"<p><strong>Gobernadores de diferentes espacios pol\u00edticos se reunir\u00e1n este martes en el Consejo Federal de Inversiones (CFI)\u00a0<\/strong>para analizar herramientas de financiamiento para hacer frente a proyectos de infraestructura, en medio de la preocupaci\u00f3n que comparten por la\u00a0<strong>ca\u00edda de la coparticipaci\u00f3n federal.<\/strong><\/p>\n<p>El encuentro se realizar\u00e1 desde las 11:00 en Azopardo 750, donde el CFI funciona de manera provisoria mientras se realizan obras en sus instalaciones del barrio porte\u00f1o de Retiro.<\/p>\n<p>Ser\u00e1n de la partida, tanto de manera presencial o como por Zoom,<strong>\u00a0Axel Kicillof\u00a0<\/strong>(Buenos Aires),\u00a0<strong>Sergio Ziliotto\u00a0<\/strong>(La Pampa),\u00a0<strong>Alfredo Cornejo\u00a0<\/strong>(Mendoza),\u00a0<strong>Alberto Weretilneck\u00a0<\/strong>(R\u00edo Negro),\u00a0<strong>Carlos Sadir\u00a0<\/strong>(Jujuy),\u00a0<strong>Claudio Poggi (<\/strong>San Luis),\u00a0<strong>Ricardo Quintela<\/strong>\u00a0(La Rioja),<strong>\u00a0Ignacio Torres<\/strong>\u00a0(Chubut) y<strong>\u00a0Rogelio Frigerio<\/strong>\u00a0(Entre R\u00edos).<\/p>\n<p>Tambi\u00e9n estar\u00e1n \u00a0Marcelo Orrego (San Juan), Gustavo Melella (Tierra del Fuego, Ant\u00e1rtida e Islas del Atl\u00e1ntico Sur), Gerardo Zamora (Santiago del Estero); Ra\u00fal Jalil (Catamarca) y Claudio Vidal (Santa Cruz).<\/p>\n<p>Antes del encuentro circul\u00f3 un documento entre algunos de estos gobernadores que remarcaba que, seg\u00fan datos de la Comisi\u00f3n Federal de Impuestos,\u00a0<strong>las transferencias autom\u00e1ticas de fondos a las provincias caer\u00edan un 4,2% durante 2025.<\/strong><\/p>\n<p>Las provincias apuntaron contra las \u00abdecisiones de pol\u00edtica tributaria del Gobierno Nacional\u00bb y se\u00f1alaron que \u00abla derogaci\u00f3n de la suspensi\u00f3n de los certificados de exclusi\u00f3n referidos a la percepci\u00f3n del impuesto a las ganancias y al IVA; la modificaci\u00f3n del c\u00e1lculo de anticipos de Ganancias para Sociedades; el diferimiento de la actualizaci\u00f3n del Impuesto a los Combustibles; y la reciente reducci\u00f3n y\/o eliminaci\u00f3n de impuestos internos para celulares, televisores y aires acondicionados importados\u00bb, enumeraron entre las iniciativas que llevaron a esa situaci\u00f3n.<\/p>\n<p>NA<\/p>\n","protected":false},"excerpt":{"rendered":"<p>Gobernadores de diferentes espacios pol\u00edticos se reunir\u00e1n este martes en el Consejo Federal de Inversiones (CFI)\u00a0para analizar herramientas de financiamiento<\/p>\n","protected":false},"author":1,"featured_media":24043,"comment_status":"closed","ping_status":"closed","sticky":false,"template":"","format":"standard","meta":{"footnotes":"","jetpack_publicize_message":"","jetpack_publicize_feature_enabled":true,"jetpack_social_post_already_shared":true,"jetpack_social_options":{"image_generator_settings":{"template":"highway","enabled":false},"version":2}},"categories":[12],"tags":[],"class_list":["post-24042","post","type-post","status-publish","format-standard","has-post-thumbnail","hentry","category-politica"],"jetpack_publicize_connections":[],"_links":{"self":[{"href":"https:\/\/diariorepublica.com.ar\/web\/index.php\/wp-json\/wp\/v2\/posts\/24042"}],"collection":[{"href":"https:\/\/diariorepublica.com.ar\/web\/index.php\/wp-json\/wp\/v2\/posts"}],"about":[{"href":"https:\/\/diariorepublica.com.ar\/web\/index.php\/wp-json\/wp\/v2\/types\/post"}],"author":[{"embeddable":true,"href":"https:\/\/diariorepublica.com.ar\/web\/index.php\/wp-json\/wp\/v2\/users\/1"}],"replies":[{"embeddable":true,"href":"https:\/\/diariorepublica.com.ar\/web\/index.php\/wp-json\/wp\/v2\/comments?post=24042"}],"version-history":[{"count":1,"href":"https:\/\/diariorepublica.com.ar\/web\/index.php\/wp-json\/wp\/v2\/posts\/24042\/revisions"}],"predecessor-version":[{"id":24044,"href":"https:\/\/diariorepublica.com.ar\/web\/index.php\/wp-json\/wp\/v2\/posts\/24042\/revisions\/24044"}],"wp:featuredmedia":[{"embeddable":true,"href":"https:\/\/diariorepublica.com.ar\/web\/index.php\/wp-json\/wp\/v2\/media\/24043"}],"wp:attachment":[{"href":"https:\/\/diariorepublica.com.ar\/web\/index.php\/wp-json\/wp\/v2\/media?parent=24042"}],"wp:term":[{"taxonomy":"category","embeddable":true,"href":"https:\/\/diariorepublica.com.ar\/web\/index.php\/wp-json\/wp\/v2\/categories?post=24042"},{"taxonomy":"post_tag","embeddable":true,"href":"https:\/\/diariorepublica.com.ar\/web\/index.php\/wp-json\/wp\/v2\/tags?post=24042"}],"curies":[{"name":"wp","href":"https:\/\/api.w.org\/{rel}","templated":true}]}}