{"id":2405,"date":"2023-05-04T07:57:53","date_gmt":"2023-05-04T10:57:53","guid":{"rendered":"https:\/\/diariorepublica.com.ar\/web\/?p=2405"},"modified":"2023-05-04T07:57:55","modified_gmt":"2023-05-04T10:57:55","slug":"reforma-judicial-desde-la-legislatura-tenemos-la-obligacion-de-tratar-estos-temas","status":"publish","type":"post","link":"https:\/\/diariorepublica.com.ar\/web\/index.php\/politica\/2023\/05\/04\/reforma-judicial-desde-la-legislatura-tenemos-la-obligacion-de-tratar-estos-temas\/","title":{"rendered":"Reforma Judicial: \u00abDesde la Legislatura tenemos la obligaci\u00f3n de tratar estos temas\u00bb"},"content":{"rendered":"<p>El presidente del bloque de diputados de la UCR, Luis Lobo Vergara, se refiri\u00f3 a la reforma judicial que impulsa el Gobierno. Sobre el tema del Consejo de la Magistratura a trav\u00e9s de un trabajo legislativo, dijo que desde Juntos por el Cambio se analizar\u00e1n los proyectos que env\u00ede el Ejecutivo.<\/p>\n<p>\u00abToda la ley es perfectible y siempre hay alguna legislaci\u00f3n que es necesario perfeccionarla. En este marco, creo que es un deber de la Legislatura tratar estas cuestiones\u00bb, dijo el diputado en di\u00e1logo con \u00abMa\u00f1ana es hoy\u00bb.<\/p>\n<p>Por otra parte y espec\u00edficamente en relaci\u00f3n con darle un respaldo legal a la Comisi\u00f3n Evaluadora que selecciona a los postulantes para cargos en la Justicia, Lobo Vergara indic\u00f3 que esto fue un planteo de la oposici\u00f3n desde hace dos a\u00f1os. \u00abNosotros lo venimos pidiendo desde hace tiempo y en octubre, cuando ganemos el Gobierno de la provincia, vamos a llevar adelante pol\u00edticas p\u00fablicas que sean de consenso y a favor de los catamarque\u00f1os y no vamos a estar retrocediendo\u00bb, dijo el legislador.<\/p>\n","protected":false},"excerpt":{"rendered":"<p>El presidente del bloque de diputados de la UCR, Luis Lobo Vergara, se refiri\u00f3 a la reforma judicial que impulsa<\/p>\n","protected":false},"author":2,"featured_media":2412,"comment_status":"closed","ping_status":"closed","sticky":false,"template":"","format":"standard","meta":{"footnotes":"","jetpack_publicize_message":"","jetpack_publicize_feature_enabled":true,"jetpack_social_post_already_shared":false,"jetpack_social_options":{"image_generator_settings":{"template":"highway","enabled":false},"version":2}},"categories":[12],"tags":[],"class_list":["post-2405","post","type-post","status-publish","format-standard","has-post-thumbnail","hentry","category-politica"],"jetpack_publicize_connections":[],"_links":{"self":[{"href":"https:\/\/diariorepublica.com.ar\/web\/index.php\/wp-json\/wp\/v2\/posts\/2405"}],"collection":[{"href":"https:\/\/diariorepublica.com.ar\/web\/index.php\/wp-json\/wp\/v2\/posts"}],"about":[{"href":"https:\/\/diariorepublica.com.ar\/web\/index.php\/wp-json\/wp\/v2\/types\/post"}],"author":[{"embeddable":true,"href":"https:\/\/diariorepublica.com.ar\/web\/index.php\/wp-json\/wp\/v2\/users\/2"}],"replies":[{"embeddable":true,"href":"https:\/\/diariorepublica.com.ar\/web\/index.php\/wp-json\/wp\/v2\/comments?post=2405"}],"version-history":[{"count":1,"href":"https:\/\/diariorepublica.com.ar\/web\/index.php\/wp-json\/wp\/v2\/posts\/2405\/revisions"}],"predecessor-version":[{"id":2413,"href":"https:\/\/diariorepublica.com.ar\/web\/index.php\/wp-json\/wp\/v2\/posts\/2405\/revisions\/2413"}],"wp:featuredmedia":[{"embeddable":true,"href":"https:\/\/diariorepublica.com.ar\/web\/index.php\/wp-json\/wp\/v2\/media\/2412"}],"wp:attachment":[{"href":"https:\/\/diariorepublica.com.ar\/web\/index.php\/wp-json\/wp\/v2\/media?parent=2405"}],"wp:term":[{"taxonomy":"category","embeddable":true,"href":"https:\/\/diariorepublica.com.ar\/web\/index.php\/wp-json\/wp\/v2\/categories?post=2405"},{"taxonomy":"post_tag","embeddable":true,"href":"https:\/\/diariorepublica.com.ar\/web\/index.php\/wp-json\/wp\/v2\/tags?post=2405"}],"curies":[{"name":"wp","href":"https:\/\/api.w.org\/{rel}","templated":true}]}}