{"id":2411,"date":"2023-05-04T07:58:05","date_gmt":"2023-05-04T10:58:05","guid":{"rendered":"https:\/\/diariorepublica.com.ar\/web\/?p=2411"},"modified":"2023-05-04T07:58:34","modified_gmt":"2023-05-04T10:58:34","slug":"catamarca-con-vos-en-los-varela","status":"publish","type":"post","link":"https:\/\/diariorepublica.com.ar\/web\/index.php\/sociedad\/2023\/05\/04\/catamarca-con-vos-en-los-varela\/","title":{"rendered":"\u00abCatamarca con Vos\u00bb en Los Varela"},"content":{"rendered":"<p>La localidad de Los Varela, departamento Ambato, recibir\u00e1 este jueves al Programa provincial \u00abCatamarca con Vos\u00bb, que busca acercar los tr\u00e1mites y servicios a todos los catamarque\u00f1os. En esta oportunidad, la estrategia de los m\u00f3viles se emplazar\u00e1 en el Palacio Municipal de 09:00 a 13:00.<\/p>\n<p>El programa \u00abCatamarca con Vos\u00bb del Ministerio de Gobierno, Justicia y Derechos Humanos, es organizado por la Secretar\u00eda de Asuntos Institucionales y tiene como principal objetivo acercar soluciones a los vecinos a trav\u00e9s de diferentes servicios de manera r\u00e1pida, sencilla y con profesionales de cada \u00e1rea para otorgar una atenci\u00f3n espec\u00edfica.<\/p>\n<p>En esta oportunidad se presentar\u00e1n distintas \u00e1reas de los Ministerios de Gobierno, Justicia y Derechos Humanos, Desarrollo Social; Seguridad; Salud; Ciencia e Innovaci\u00f3n Tecnol\u00f3gica; Vivienda y Agua, Energ\u00eda y Medio Ambiente. Adem\u00e1s, acompa\u00f1ar\u00e1n la Caja de Cr\u00e9dito y Prestaciones de la Provincia; el Ente Regulador; EC SAPEM; PAMI; OSEP; INADI, ARCA y el Registro Civil.<\/p>\n<p>En este marco, los ciudadanos podr\u00e1n consultar con las l\u00edneas de conducci\u00f3n de las secretar\u00edas de Asuntos Institucionales, Pol\u00edticas Juveniles, Mujeres G\u00e9nero y Diversidad, y Medio Ambiente; as\u00ed como acceder a los servicios de Acci\u00f3n Cooperativa y Mutual; Inspecci\u00f3n general de Personas Jur\u00eddica; Defensa del Consumidor; Derechos Humanos; Justicia; Migraciones; Defensa Civil; Ganader\u00eda; Zoonosis, y Peluquer\u00eda.<\/p>\n","protected":false},"excerpt":{"rendered":"<p>La localidad de Los Varela, departamento Ambato, recibir\u00e1 este jueves al Programa provincial \u00abCatamarca con Vos\u00bb, que busca acercar los<\/p>\n","protected":false},"author":1,"featured_media":2415,"comment_status":"closed","ping_status":"closed","sticky":false,"template":"","format":"standard","meta":{"footnotes":"","jetpack_publicize_message":"","jetpack_publicize_feature_enabled":true,"jetpack_social_post_already_shared":false,"jetpack_social_options":{"image_generator_settings":{"template":"highway","enabled":false},"version":2}},"categories":[3],"tags":[],"class_list":["post-2411","post","type-post","status-publish","format-standard","has-post-thumbnail","hentry","category-sociedad"],"jetpack_publicize_connections":[],"_links":{"self":[{"href":"https:\/\/diariorepublica.com.ar\/web\/index.php\/wp-json\/wp\/v2\/posts\/2411"}],"collection":[{"href":"https:\/\/diariorepublica.com.ar\/web\/index.php\/wp-json\/wp\/v2\/posts"}],"about":[{"href":"https:\/\/diariorepublica.com.ar\/web\/index.php\/wp-json\/wp\/v2\/types\/post"}],"author":[{"embeddable":true,"href":"https:\/\/diariorepublica.com.ar\/web\/index.php\/wp-json\/wp\/v2\/users\/1"}],"replies":[{"embeddable":true,"href":"https:\/\/diariorepublica.com.ar\/web\/index.php\/wp-json\/wp\/v2\/comments?post=2411"}],"version-history":[{"count":1,"href":"https:\/\/diariorepublica.com.ar\/web\/index.php\/wp-json\/wp\/v2\/posts\/2411\/revisions"}],"predecessor-version":[{"id":2416,"href":"https:\/\/diariorepublica.com.ar\/web\/index.php\/wp-json\/wp\/v2\/posts\/2411\/revisions\/2416"}],"wp:featuredmedia":[{"embeddable":true,"href":"https:\/\/diariorepublica.com.ar\/web\/index.php\/wp-json\/wp\/v2\/media\/2415"}],"wp:attachment":[{"href":"https:\/\/diariorepublica.com.ar\/web\/index.php\/wp-json\/wp\/v2\/media?parent=2411"}],"wp:term":[{"taxonomy":"category","embeddable":true,"href":"https:\/\/diariorepublica.com.ar\/web\/index.php\/wp-json\/wp\/v2\/categories?post=2411"},{"taxonomy":"post_tag","embeddable":true,"href":"https:\/\/diariorepublica.com.ar\/web\/index.php\/wp-json\/wp\/v2\/tags?post=2411"}],"curies":[{"name":"wp","href":"https:\/\/api.w.org\/{rel}","templated":true}]}}