{"id":24131,"date":"2025-06-05T18:28:00","date_gmt":"2025-06-05T21:28:00","guid":{"rendered":"https:\/\/diariorepublica.com.ar\/web\/?p=24131"},"modified":"2025-06-05T11:31:11","modified_gmt":"2025-06-05T14:31:11","slug":"vuelve-la-feria-de-tienda-c-arte-diseno-y-talento-local-en-la-casa-de-la-cultura","status":"publish","type":"post","link":"https:\/\/diariorepublica.com.ar\/web\/index.php\/sociedad\/2025\/06\/05\/vuelve-la-feria-de-tienda-c-arte-diseno-y-talento-local-en-la-casa-de-la-cultura\/","title":{"rendered":"Vuelve la Feria de Tienda C: arte, dise\u00f1o y talento local en la Casa de la Cultura"},"content":{"rendered":"<p>El pr\u00f3ximo s\u00e1bado 14 de junio, de 17 a 21 horas, se realizar\u00e1 una nueva edici\u00f3n de la esperada feria que cada mes re\u00fane lo mejor del arte, el dise\u00f1o y la producci\u00f3n local en la Casa de la Cultura (San Mart\u00edn 533). El encuentro tendr\u00e1 lugar en el segundo patio de la casona, un espacio donde el p\u00fablico podr\u00e1 descubrir piezas \u00fanicas y creaciones de autores independientes.<\/p>\n<p>Organizada por Tienda C \u2014espacio permanente de difusi\u00f3n y comercializaci\u00f3n de arte, dise\u00f1o y artesan\u00edas\u2014, la feria convoca a artistas, artesanos y emprendedores creativos que compartir\u00e1n sus producciones con la comunidad.<\/p>\n<p>En esta edici\u00f3n, se podr\u00e1 disfrutar de una atractiva y diversa propuesta: cer\u00e1mica, textiles, objetos decorativos, accesorios, libros, delicias regionales y obras de arte conformar\u00e1n la oferta pensada para todo p\u00fablico. \u201cHay Feria\u201d se consolida como un punto de encuentro entre los hacedores culturales de la provincia y quienes valoran el talento local.<\/p>\n<p>Adem\u00e1s, en esta ocasi\u00f3n la m\u00fasica tambi\u00e9n ser\u00e1 protagonista con la presentaci\u00f3n en vivo de Fulanos del Rock, banda que mantiene viva la llama del rock nacional de los 80 y 90, sumando cl\u00e1sicos internacionales de la \u00e9poca. Aunque formada oficialmente hace dos a\u00f1os, sus integrantes llevan m\u00e1s de cuatro a\u00f1os compartiendo los escenarios y la pasi\u00f3n por la m\u00fasica.<\/p>\n<p>Sus integrantes son: Ana Jos\u00e9 del Pino y Aixa: voces y coros; Enzo Sosa: voz, coros y guitarra; Marcos Chanampa: primera guitarra; Patricio Morales: bater\u00eda, con amplia experiencia en el rubro; Luciano Chanampa: bajo el\u00e9ctrico.<\/p>\n<p>Fulanos del Rock ha recorrido diversos escenarios, entre ellos el Poncho Rock 2025 y distintos eventos culturales en Valle Viejo y Capital, siendo adem\u00e1s teloneros del show de Skay y Los Fakires.<\/p>\n","protected":false},"excerpt":{"rendered":"<p>El pr\u00f3ximo s\u00e1bado 14 de junio, de 17 a 21 horas, se realizar\u00e1 una nueva edici\u00f3n de la esperada feria<\/p>\n","protected":false},"author":1,"featured_media":24134,"comment_status":"closed","ping_status":"closed","sticky":false,"template":"","format":"standard","meta":{"footnotes":"","jetpack_publicize_message":"","jetpack_publicize_feature_enabled":true,"jetpack_social_post_already_shared":true,"jetpack_social_options":{"image_generator_settings":{"template":"highway","enabled":false},"version":2}},"categories":[3],"tags":[],"class_list":["post-24131","post","type-post","status-publish","format-standard","has-post-thumbnail","hentry","category-sociedad"],"jetpack_publicize_connections":[],"_links":{"self":[{"href":"https:\/\/diariorepublica.com.ar\/web\/index.php\/wp-json\/wp\/v2\/posts\/24131"}],"collection":[{"href":"https:\/\/diariorepublica.com.ar\/web\/index.php\/wp-json\/wp\/v2\/posts"}],"about":[{"href":"https:\/\/diariorepublica.com.ar\/web\/index.php\/wp-json\/wp\/v2\/types\/post"}],"author":[{"embeddable":true,"href":"https:\/\/diariorepublica.com.ar\/web\/index.php\/wp-json\/wp\/v2\/users\/1"}],"replies":[{"embeddable":true,"href":"https:\/\/diariorepublica.com.ar\/web\/index.php\/wp-json\/wp\/v2\/comments?post=24131"}],"version-history":[{"count":1,"href":"https:\/\/diariorepublica.com.ar\/web\/index.php\/wp-json\/wp\/v2\/posts\/24131\/revisions"}],"predecessor-version":[{"id":24135,"href":"https:\/\/diariorepublica.com.ar\/web\/index.php\/wp-json\/wp\/v2\/posts\/24131\/revisions\/24135"}],"wp:featuredmedia":[{"embeddable":true,"href":"https:\/\/diariorepublica.com.ar\/web\/index.php\/wp-json\/wp\/v2\/media\/24134"}],"wp:attachment":[{"href":"https:\/\/diariorepublica.com.ar\/web\/index.php\/wp-json\/wp\/v2\/media?parent=24131"}],"wp:term":[{"taxonomy":"category","embeddable":true,"href":"https:\/\/diariorepublica.com.ar\/web\/index.php\/wp-json\/wp\/v2\/categories?post=24131"},{"taxonomy":"post_tag","embeddable":true,"href":"https:\/\/diariorepublica.com.ar\/web\/index.php\/wp-json\/wp\/v2\/tags?post=24131"}],"curies":[{"name":"wp","href":"https:\/\/api.w.org\/{rel}","templated":true}]}}