{"id":2414,"date":"2023-05-04T08:07:57","date_gmt":"2023-05-04T11:07:57","guid":{"rendered":"https:\/\/diariorepublica.com.ar\/web\/?p=2414"},"modified":"2023-05-04T08:07:58","modified_gmt":"2023-05-04T11:07:58","slug":"desde-la-oposicion-vamos-a-sacar-a-catamarca-del-estancamiento-en-que-se-encuentra","status":"publish","type":"post","link":"https:\/\/diariorepublica.com.ar\/web\/index.php\/politica\/2023\/05\/04\/desde-la-oposicion-vamos-a-sacar-a-catamarca-del-estancamiento-en-que-se-encuentra\/","title":{"rendered":"\u00abDesde la oposici\u00f3n vamos a sacar a Catamarca del estancamiento en que se encuentra\u00bb"},"content":{"rendered":"<p>El legislador nacional Ruben Manzi, referente en Catamarca de la Coalici\u00f3n Civica-ARI hizo p\u00fablica su pretenci\u00f3n de competir por una candidatura a la gobernaci\u00f3n de Catamarca y al respecto se\u00f1al\u00f3 a traves de un dialogo con FM REPUBLICA 103.1 que \u00abMe siento preparado para ser gobernador de Catamarca\u00bb.<\/p>\n<p>\u201cA mi gustar\u00eda, no por una cuesti\u00f3n de gustos, sino porque me vengo preparando, me siento con el equilibrio suficiente, con la experiencia suficientes y la capacidad suficiente para aspirar a ser gobernador de Catamarca\u201d, apunt\u00f3 sin tutubear Manzi aclarando seguidamente que entiende que en funci\u00f3n de esta nueva postulaci\u00f3n, se va a avenir a la posibilidad cierta de unas PASO.<\/p>\n<p>El diputado acot\u00f3 luego lo que se proponga como f\u00f3rmula para competir al oficialismo, que sigue sin prenunciarse por decisi\u00f3n del primer mandatario provincial, es que esta debe \u201cpotente, efectiva, que pueda hacerle frente y que podamos ofrecerle a la gente un plan de gobierno y de acci\u00f3n para que Catamarca salga del estancamiento en el que esta, y tengamos un gobierno m\u00e1s transparente y decente, donde no haya negocios que hacen algunos y otros se quedan mirando\u201d.<\/p>\n<p>En cuanto al encuadre partidario interno, se reconoci\u00f3 cercano a Francisco Monti y Flavio Fama, quien tambi\u00e9n tiene intenciones de ser gobernador y en el plano nacional, se declar\u00f3 cercano a Horario Rodr\u00edguez Larreta sin dejar de lado a Elisa Carri\u00f3, l\u00edder de la Coalici\u00f3n C\u00edvica.<\/p>\n","protected":false},"excerpt":{"rendered":"<p>El legislador nacional Ruben Manzi, referente en Catamarca de la Coalici\u00f3n Civica-ARI hizo p\u00fablica su pretenci\u00f3n de competir por una<\/p>\n","protected":false},"author":2,"featured_media":2417,"comment_status":"closed","ping_status":"closed","sticky":false,"template":"","format":"standard","meta":{"footnotes":"","jetpack_publicize_message":"","jetpack_publicize_feature_enabled":true,"jetpack_social_post_already_shared":false,"jetpack_social_options":{"image_generator_settings":{"template":"highway","enabled":false},"version":2}},"categories":[12],"tags":[],"class_list":["post-2414","post","type-post","status-publish","format-standard","has-post-thumbnail","hentry","category-politica"],"jetpack_publicize_connections":[],"_links":{"self":[{"href":"https:\/\/diariorepublica.com.ar\/web\/index.php\/wp-json\/wp\/v2\/posts\/2414"}],"collection":[{"href":"https:\/\/diariorepublica.com.ar\/web\/index.php\/wp-json\/wp\/v2\/posts"}],"about":[{"href":"https:\/\/diariorepublica.com.ar\/web\/index.php\/wp-json\/wp\/v2\/types\/post"}],"author":[{"embeddable":true,"href":"https:\/\/diariorepublica.com.ar\/web\/index.php\/wp-json\/wp\/v2\/users\/2"}],"replies":[{"embeddable":true,"href":"https:\/\/diariorepublica.com.ar\/web\/index.php\/wp-json\/wp\/v2\/comments?post=2414"}],"version-history":[{"count":1,"href":"https:\/\/diariorepublica.com.ar\/web\/index.php\/wp-json\/wp\/v2\/posts\/2414\/revisions"}],"predecessor-version":[{"id":2418,"href":"https:\/\/diariorepublica.com.ar\/web\/index.php\/wp-json\/wp\/v2\/posts\/2414\/revisions\/2418"}],"wp:featuredmedia":[{"embeddable":true,"href":"https:\/\/diariorepublica.com.ar\/web\/index.php\/wp-json\/wp\/v2\/media\/2417"}],"wp:attachment":[{"href":"https:\/\/diariorepublica.com.ar\/web\/index.php\/wp-json\/wp\/v2\/media?parent=2414"}],"wp:term":[{"taxonomy":"category","embeddable":true,"href":"https:\/\/diariorepublica.com.ar\/web\/index.php\/wp-json\/wp\/v2\/categories?post=2414"},{"taxonomy":"post_tag","embeddable":true,"href":"https:\/\/diariorepublica.com.ar\/web\/index.php\/wp-json\/wp\/v2\/tags?post=2414"}],"curies":[{"name":"wp","href":"https:\/\/api.w.org\/{rel}","templated":true}]}}