{"id":24168,"date":"2025-06-09T00:04:00","date_gmt":"2025-06-09T03:04:00","guid":{"rendered":"https:\/\/diariorepublica.com.ar\/web\/?p=24168"},"modified":"2025-06-09T07:55:42","modified_gmt":"2025-06-09T10:55:42","slug":"el-gobierno-condeno-el-ataque-contra-miguel-uribe-turbay-el-senador-colombiano-baleado-en-bogota","status":"publish","type":"post","link":"https:\/\/diariorepublica.com.ar\/web\/index.php\/nacionales\/2025\/06\/09\/el-gobierno-condeno-el-ataque-contra-miguel-uribe-turbay-el-senador-colombiano-baleado-en-bogota\/","title":{"rendered":"El Gobierno conden\u00f3 el ataque contra Miguel Uribe Turbay, el senador colombiano baleado en Bogot\u00e1"},"content":{"rendered":"<article class=\"article-body article-body--first-paragraph content-protected-false\" data-td-script-src=\"https:\/\/www.ambito.com\/td\/modulos\/encuestas\/js\/function-embeds-min-version-1747541270.js\">\n<p data-start=\"365\" data-end=\"659\">El Gobierno, a trav\u00e9s de un comunicado oficial emitido por la Canciller\u00eda, conden\u00f3 este domingo\u00a0el atentado que sufri\u00f3 el senador colombiano\u00a0<strong>Miguel Uribe Turbay\u00a0<\/strong>en la ciudad de Bogot\u00e1, y expres\u00f3 su solidaridad con el legislador y su familia. En tanto, el dirigente del partido Centro Democr\u00e1tico\u00a0pelea por su vida en grave estado de salud por las heridas recibidas.<\/p>\n<\/article>\n<article class=\"article-body article-body--second-paragraph content-protected-false\">\n<p data-start=\"661\" data-end=\"969\">En el texto difundido en el sitio oficial del<strong>\u00a0Ministerio de Relaciones Exteriores<\/strong>, la Argentina manifest\u00f3 su \u201c<strong data-start=\"771\" data-end=\"795\">m\u00e1s en\u00e9rgica condena<\/strong>\u201d al ataque y dese\u00f3 una pronta recuperaci\u00f3n para Uribe Turbay. El comunicado tambi\u00e9n extendi\u00f3 un mensaje de acompa\u00f1amiento a los allegados del senador y al pueblo colombiano.<\/p>\n<article class=\"article-body article-body--third-paragraph content-protected-false\">\n<div id=\"embed26_wrap\" class=\"embed_cont type_freetext\" contenteditable=\"false\">\n<div id=\"embed26_content\" class=\"embed_content\">\n<div id=\"embed26_embed\">\n<div class=\"twitter-tweet twitter-tweet-rendered\"><iframe id=\"twitter-widget-0\" class=\"\" title=\"X Post\" src=\"https:\/\/platform.twitter.com\/embed\/Tweet.html?creatorScreenName=Ambitocom&amp;dnt=false&amp;embedId=twitter-widget-0&amp;features=eyJ0ZndfdGltZWxpbmVfbGlzdCI6eyJidWNrZXQiOltdLCJ2ZXJzaW9uIjpudWxsfSwidGZ3X2ZvbGxvd2VyX2NvdW50X3N1bnNldCI6eyJidWNrZXQiOnRydWUsInZlcnNpb24iOm51bGx9LCJ0ZndfdHdlZXRfZWRpdF9iYWNrZW5kIjp7ImJ1Y2tldCI6Im9uIiwidmVyc2lvbiI6bnVsbH0sInRmd19yZWZzcmNfc2Vzc2lvbiI6eyJidWNrZXQiOiJvbiIsInZlcnNpb24iOm51bGx9LCJ0ZndfZm9zbnJfc29mdF9pbnRlcnZlbnRpb25zX2VuYWJsZWQiOnsiYnVja2V0Ijoib24iLCJ2ZXJzaW9uIjpudWxsfSwidGZ3X21peGVkX21lZGlhXzE1ODk3Ijp7ImJ1Y2tldCI6InRyZWF0bWVudCIsInZlcnNpb24iOm51bGx9LCJ0ZndfZXhwZXJpbWVudHNfY29va2llX2V4cGlyYXRpb24iOnsiYnVja2V0IjoxMjA5NjAwLCJ2ZXJzaW9uIjpudWxsfSwidGZ3X3Nob3dfYmlyZHdhdGNoX3Bpdm90c19lbmFibGVkIjp7ImJ1Y2tldCI6Im9uIiwidmVyc2lvbiI6bnVsbH0sInRmd19kdXBsaWNhdGVfc2NyaWJlc190b19zZXR0aW5ncyI6eyJidWNrZXQiOiJvbiIsInZlcnNpb24iOm51bGx9LCJ0ZndfdXNlX3Byb2ZpbGVfaW1hZ2Vfc2hhcGVfZW5hYmxlZCI6eyJidWNrZXQiOiJvbiIsInZlcnNpb24iOm51bGx9LCJ0ZndfdmlkZW9faGxzX2R5bmFtaWNfbWFuaWZlc3RzXzE1MDgyIjp7ImJ1Y2tldCI6InRydWVfYml0cmF0ZSIsInZlcnNpb24iOm51bGx9LCJ0ZndfbGVnYWN5X3RpbWVsaW5lX3N1bnNldCI6eyJidWNrZXQiOnRydWUsInZlcnNpb24iOm51bGx9LCJ0ZndfdHdlZXRfZWRpdF9mcm9udGVuZCI6eyJidWNrZXQiOiJvbiIsInZlcnNpb24iOm51bGx9fQ%3D%3D&amp;frame=false&amp;hideCard=false&amp;hideThread=false&amp;id=1931739489870729310&amp;lang=es&amp;origin=https%3A%2F%2Fwww.ambito.com%2Fpolitica%2Fel-gobierno-condeno-el-ataque-contra-miguel-uribe-turbay-el-senador-colombiano-baleado-bogota-n6154304&amp;sessionId=255fe47ff17ea9cf5d102e73730f7b0bb994908b&amp;siteScreenName=Ambitocom&amp;theme=light&amp;widgetsVersion=2615f7e52b7e0%3A1702314776716&amp;width=550px\" frameborder=\"0\" scrolling=\"no\" allowfullscreen=\"allowfullscreen\" data-tweet-id=\"1931739489870729310\" data-mce-fragment=\"1\"><\/iframe><\/div>\n<\/div>\n<\/div>\n<\/div>\n<\/article>\n<article class=\"article-body article-body--fourth-paragraph content-protected-false\">\n<h2><\/h2>\n<p data-start=\"971\" data-end=\"1259\">\u201c<strong data-start=\"972\" data-end=\"1076\">La Rep\u00fablica Argentina reafirma su compromiso con la defensa de la vida, la libertad y la democracia<\/strong>, y ratifica su condena al terrorismo en todas sus formas y manifestaciones\u201d, sostiene el mensaje de Canciller\u00eda, que fue difundido horas despu\u00e9s de conocerse el atentado en Colombia.<\/p>\n<\/article>\n<article class=\"article-body article-body--remaining-paragraph content-protected-false\">\n<p data-start=\"1261\" data-end=\"1585\">Aunque el comunicado no detalla las circunstancias del ataque, medios colombianos informaron que el senador del partido oficialista Centro Democr\u00e1tico fue blanco de un intento de atentado mientras se desplazaba en Bogot\u00e1, aunque result\u00f3 ileso. Las autoridades locales investigan si se trat\u00f3 de un acto con m\u00f3viles pol\u00edticos.<\/p>\n<p data-start=\"1587\" data-end=\"1820\">La r\u00e1pida reacci\u00f3n de la Canciller\u00eda argentina busca no solo expresar apoyo institucional, sino tambi\u00e9n posicionar al pa\u00eds como actor regional comprometido con la\u00a0<strong data-start=\"1750\" data-end=\"1801\">seguridad democr\u00e1tica y la estabilidad pol\u00edtica<\/strong>\u00a0en Am\u00e9rica Latina.<\/p>\n<p data-start=\"1822\" data-end=\"2059\">Miguel Uribe Turbay, exsecretario de Gobierno de Bogot\u00e1 y uno de los referentes j\u00f3venes del uribismo, fue una voz cr\u00edtica frente a sectores armados ilegales y ha promovido reformas en seguridad y justicia desde su banca en el Senado.<\/p>\n<p data-start=\"2061\" data-end=\"2329\">El comunicado argentino se suma a una ola de pronunciamientos internacionales en rechazo al atentado y refuerza la postura del Gobierno de Javier Milei de sostener una pol\u00edtica exterior con eje en la\u00a0<strong data-start=\"2261\" data-end=\"2328\">defensa de los derechos humanos y la lucha contra el terrorismo<\/strong>.<\/p>\n<\/article>\n<\/article>\n","protected":false},"excerpt":{"rendered":"<p>El Gobierno, a trav\u00e9s de un comunicado oficial emitido por la Canciller\u00eda, conden\u00f3 este domingo\u00a0el atentado que sufri\u00f3 el senador<\/p>\n","protected":false},"author":1,"featured_media":24169,"comment_status":"closed","ping_status":"closed","sticky":false,"template":"","format":"standard","meta":{"footnotes":"","jetpack_publicize_message":"","jetpack_publicize_feature_enabled":true,"jetpack_social_post_already_shared":true,"jetpack_social_options":{"image_generator_settings":{"template":"highway","enabled":false},"version":2}},"categories":[4],"tags":[],"class_list":["post-24168","post","type-post","status-publish","format-standard","has-post-thumbnail","hentry","category-nacionales"],"jetpack_publicize_connections":[],"_links":{"self":[{"href":"https:\/\/diariorepublica.com.ar\/web\/index.php\/wp-json\/wp\/v2\/posts\/24168"}],"collection":[{"href":"https:\/\/diariorepublica.com.ar\/web\/index.php\/wp-json\/wp\/v2\/posts"}],"about":[{"href":"https:\/\/diariorepublica.com.ar\/web\/index.php\/wp-json\/wp\/v2\/types\/post"}],"author":[{"embeddable":true,"href":"https:\/\/diariorepublica.com.ar\/web\/index.php\/wp-json\/wp\/v2\/users\/1"}],"replies":[{"embeddable":true,"href":"https:\/\/diariorepublica.com.ar\/web\/index.php\/wp-json\/wp\/v2\/comments?post=24168"}],"version-history":[{"count":1,"href":"https:\/\/diariorepublica.com.ar\/web\/index.php\/wp-json\/wp\/v2\/posts\/24168\/revisions"}],"predecessor-version":[{"id":24170,"href":"https:\/\/diariorepublica.com.ar\/web\/index.php\/wp-json\/wp\/v2\/posts\/24168\/revisions\/24170"}],"wp:featuredmedia":[{"embeddable":true,"href":"https:\/\/diariorepublica.com.ar\/web\/index.php\/wp-json\/wp\/v2\/media\/24169"}],"wp:attachment":[{"href":"https:\/\/diariorepublica.com.ar\/web\/index.php\/wp-json\/wp\/v2\/media?parent=24168"}],"wp:term":[{"taxonomy":"category","embeddable":true,"href":"https:\/\/diariorepublica.com.ar\/web\/index.php\/wp-json\/wp\/v2\/categories?post=24168"},{"taxonomy":"post_tag","embeddable":true,"href":"https:\/\/diariorepublica.com.ar\/web\/index.php\/wp-json\/wp\/v2\/tags?post=24168"}],"curies":[{"name":"wp","href":"https:\/\/api.w.org\/{rel}","templated":true}]}}