{"id":24180,"date":"2025-06-09T08:10:10","date_gmt":"2025-06-09T11:10:10","guid":{"rendered":"https:\/\/diariorepublica.com.ar\/web\/?p=24180"},"modified":"2025-06-09T08:10:12","modified_gmt":"2025-06-09T11:10:12","slug":"elecciones-en-misiones-gano-el-oficialismo-y-lla-quedo-en-segundo-lugar","status":"publish","type":"post","link":"https:\/\/diariorepublica.com.ar\/web\/index.php\/politica\/2025\/06\/09\/elecciones-en-misiones-gano-el-oficialismo-y-lla-quedo-en-segundo-lugar\/","title":{"rendered":"Elecciones en Misiones: gan\u00f3 el oficialismo y LLA qued\u00f3 en segundo lugar"},"content":{"rendered":"\n<p>El oficialista&nbsp;<strong>Frente Renovador de la Concordia&nbsp;<\/strong>que lidera<strong>&nbsp;Carlos Rovira&nbsp;<\/strong>se impuso en los comicios para renovar la mitad de la Legislatura de Misiones, con el&nbsp;<strong>28,6% de los votos<\/strong>, pasadas la 1 de la madrugada del lunes cuando el escrutinio alcanz\u00f3 el 98,9% por ciento de las mesas. El&nbsp;<strong>conteo<\/strong>&nbsp;fue muy lento y provoc\u00f3 cuestionamientos de la oposici\u00f3n.<\/p>\n\n\n\n<p>En segundo lugar qued\u00f3&nbsp;<strong>La Libertad Avanza<\/strong>, el partido de&nbsp;<strong>Javier y Karina Milei<\/strong>, que hizo su debut en el territorio con el 21,89% de los votos. Se esperaba que saliera en ese puesto, pero el resultado aparece como un&nbsp;<strong>retroceso<\/strong>&nbsp;respecto a la performance que tuvo el propio Milei en las presidenciales de 2023.<\/p>\n\n\n\n<p>\u201cHemos dado hoy un paso m\u00e1s en eso de proteger nuestras ideales, nuestras ra\u00edces. Estamos sujetos a campa\u00f1as de odio, por eso hacemos un llamamiento a todo el arco provincial en lo que nos importa, porque a los misioneros nos importa nuestra provincia\u201d, dijo Rovira en los\u00a0<strong>festejos del oficialismo<\/strong>, en el microcentro de Posadas, donde tom\u00f3 distancia de Milei.<\/p>\n\n\n\n<p>Los libertarios cuestionaban la lentitud del escrutinio, deslizaron fuentes del armado nacional de LLA. Sin explicaciones oficiales mediante, la suma de los candidatos a diputados provinciales lleg\u00f3 a dar un<strong>\u00a0ins\u00f3lito 102 por ciento<\/strong>. Adri\u00e1n N\u00fa\u00f1ez, armador pol\u00edtico y tercer candidato a diputado provincial de los libertarios, afirmaba que a\u00fan faltaban cargar\u00a0<strong>distritos importantes como Ober\u00e1 e Iguaz\u00fa<\/strong>.<\/p>\n\n\n\n<p>\u201cNos enfrentamos a una estructura que gobierna la provincia hace m\u00e1s de dos d\u00e9cadas. Estamos cargando nosotros los datos porque el sistema no ha funcionado como corresponde, y<strong>&nbsp;nuestro conteo interno indica otros n\u00fameros<\/strong>. Nuestros n\u00fameros son muy competitivos en toda la provincia: estamos peleando mano a mano con la Renovaci\u00f3n\u201d, dijo N\u00fa\u00f1ez.<\/p>\n\n\n\n<p>El bunker de LLA se mont\u00f3 en el hotel Julio C\u00e9sar, en Entre R\u00edos casi Col\u00f3n, a solo 150 metros de donde unos minutos antes habl\u00f3 Rovira frente a la militancia renovadora.<\/p>\n\n\n\n<h2 class=\"wp-block-heading\"><strong>Baja participaci\u00f3n<\/strong><\/h2>\n\n\n\n<p>Con una participaci\u00f3n que seg\u00fan los datos provisorios ara\u00f1\u00f3 apenas el<strong>&nbsp;57,45% del padr\u00f3n<\/strong>, de 1.002.188 de electores habilitados, se confirm\u00f3 la apat\u00eda electoral que imper\u00f3 en anteriores comicios.<\/p>\n\n\n\n<p>Se trat\u00f3 del mayor&nbsp;<strong>ausentismo&nbsp;<\/strong>desde el regreso de la democracia, ya que supera la anterior marca de las elecciones provinciales legislativas de 2021 (60%), en la salida de la pandemia. Estuvo en l\u00ednea con la&nbsp;<strong>apat\u00eda electoral&nbsp;<\/strong>que ya se verific\u00f3 en las elecciones en la ciudad de Buenos Aires (vot\u00f3 el 53% del padr\u00f3n), Santa Fe (55%), Chaco (52%), Salta (58%) y San Luis (60%).<\/p>\n\n\n\n<p><\/p>\n","protected":false},"excerpt":{"rendered":"<p>El oficialista&nbsp;Frente Renovador de la Concordia&nbsp;que lidera&nbsp;Carlos Rovira&nbsp;se impuso en los comicios para renovar la mitad de la Legislatura de<\/p>\n","protected":false},"author":1,"featured_media":24182,"comment_status":"closed","ping_status":"closed","sticky":false,"template":"","format":"standard","meta":{"footnotes":"","jetpack_publicize_message":"","jetpack_publicize_feature_enabled":true,"jetpack_social_post_already_shared":true,"jetpack_social_options":{"image_generator_settings":{"template":"highway","enabled":false},"version":2}},"categories":[12],"tags":[],"class_list":["post-24180","post","type-post","status-publish","format-standard","has-post-thumbnail","hentry","category-politica"],"jetpack_publicize_connections":[],"_links":{"self":[{"href":"https:\/\/diariorepublica.com.ar\/web\/index.php\/wp-json\/wp\/v2\/posts\/24180"}],"collection":[{"href":"https:\/\/diariorepublica.com.ar\/web\/index.php\/wp-json\/wp\/v2\/posts"}],"about":[{"href":"https:\/\/diariorepublica.com.ar\/web\/index.php\/wp-json\/wp\/v2\/types\/post"}],"author":[{"embeddable":true,"href":"https:\/\/diariorepublica.com.ar\/web\/index.php\/wp-json\/wp\/v2\/users\/1"}],"replies":[{"embeddable":true,"href":"https:\/\/diariorepublica.com.ar\/web\/index.php\/wp-json\/wp\/v2\/comments?post=24180"}],"version-history":[{"count":1,"href":"https:\/\/diariorepublica.com.ar\/web\/index.php\/wp-json\/wp\/v2\/posts\/24180\/revisions"}],"predecessor-version":[{"id":24181,"href":"https:\/\/diariorepublica.com.ar\/web\/index.php\/wp-json\/wp\/v2\/posts\/24180\/revisions\/24181"}],"wp:featuredmedia":[{"embeddable":true,"href":"https:\/\/diariorepublica.com.ar\/web\/index.php\/wp-json\/wp\/v2\/media\/24182"}],"wp:attachment":[{"href":"https:\/\/diariorepublica.com.ar\/web\/index.php\/wp-json\/wp\/v2\/media?parent=24180"}],"wp:term":[{"taxonomy":"category","embeddable":true,"href":"https:\/\/diariorepublica.com.ar\/web\/index.php\/wp-json\/wp\/v2\/categories?post=24180"},{"taxonomy":"post_tag","embeddable":true,"href":"https:\/\/diariorepublica.com.ar\/web\/index.php\/wp-json\/wp\/v2\/tags?post=24180"}],"curies":[{"name":"wp","href":"https:\/\/api.w.org\/{rel}","templated":true}]}}