{"id":2419,"date":"2023-05-04T08:11:10","date_gmt":"2023-05-04T11:11:10","guid":{"rendered":"https:\/\/diariorepublica.com.ar\/web\/?p=2419"},"modified":"2023-05-04T08:11:11","modified_gmt":"2023-05-04T11:11:11","slug":"tenemos-diputados-y-senadores-que-necesitamos-que-se-acerquen-al-partido","status":"publish","type":"post","link":"https:\/\/diariorepublica.com.ar\/web\/index.php\/politica\/2023\/05\/04\/tenemos-diputados-y-senadores-que-necesitamos-que-se-acerquen-al-partido\/","title":{"rendered":"\u00abTenemos diputados y senadores que necesitamos que se acerquen al partido\u00bb"},"content":{"rendered":"<p>El referente de la l\u00ednea interna del radicalismo MORADA, Roberto G\u00f3mez, apunt\u00f3 contra el diputado nacional Francisco Monti y el senador nacional Flavio Fama por no participar de las reuniones dentro de la UCR.<\/p>\n<p>El dirigente se refiri\u00f3 a los legisladores nacionales al referirse a la convocatoria al di\u00e1logo de parte del Gobierno a la oposici\u00f3n. En este sentido, dijo que este acercamiento se concretar\u00e1 siempre y cuando se discuta internamente tanto en el bloque de diputados de la UCR como en el partido. \u00abTenemos diputados, senadores que hoy nos hacen falta, por eso le estamos pidiendo al senador Flavio Fama como al diputado Francisco Monti que se acerquen al partido para poder llevar propuestas donde ellos est\u00e9n participando\u201d<\/p>\n<p>Sostuvo que \u201ces importante el partido por un lado y juntarse todo el bloque para poder tener una opini\u00f3n conjunta entre todos, el bloque, los diputados, los senadores y el partido\u00bb.<\/p>\n<p><br \/>M\u00e1s adelante, afirm\u00f3 que Fama y Monti desde que pas\u00f3 la interna no se acercaron al partido. \u00abPor lo menos a las reuniones que tuvimos no fueron, mandaron a sus representantes pero siempre es bueno que ellos est\u00e9n porque tienen una visi\u00f3n de lo que pasa a nivel nacional\u00bb<\/p>\n<p>G\u00f3mez, que tambi\u00e9n se lanz\u00f3 como precandidato a gobernador, dijo: \u201cVamos a tener que bajar muchos las aspiraciones personales. Por supuesto que hay gente que se viene preparando como quien les habla\u00bb.<\/p>\n<p>\u00abEl partido est\u00e1 abierto para el dialogo y primero tenemos que dialogar los radicales. Les hacemos un pedido al senador y al diputado nacional que se lleguen\u201d<\/p>\n\n\n<p><\/p>\n","protected":false},"excerpt":{"rendered":"<p>El referente de la l\u00ednea interna del radicalismo MORADA, Roberto G\u00f3mez, apunt\u00f3 contra el diputado nacional Francisco Monti y el<\/p>\n","protected":false},"author":2,"featured_media":2420,"comment_status":"closed","ping_status":"closed","sticky":false,"template":"","format":"standard","meta":{"footnotes":"","jetpack_publicize_message":"","jetpack_publicize_feature_enabled":true,"jetpack_social_post_already_shared":false,"jetpack_social_options":{"image_generator_settings":{"template":"highway","enabled":false},"version":2}},"categories":[12],"tags":[],"class_list":["post-2419","post","type-post","status-publish","format-standard","has-post-thumbnail","hentry","category-politica"],"jetpack_publicize_connections":[],"_links":{"self":[{"href":"https:\/\/diariorepublica.com.ar\/web\/index.php\/wp-json\/wp\/v2\/posts\/2419"}],"collection":[{"href":"https:\/\/diariorepublica.com.ar\/web\/index.php\/wp-json\/wp\/v2\/posts"}],"about":[{"href":"https:\/\/diariorepublica.com.ar\/web\/index.php\/wp-json\/wp\/v2\/types\/post"}],"author":[{"embeddable":true,"href":"https:\/\/diariorepublica.com.ar\/web\/index.php\/wp-json\/wp\/v2\/users\/2"}],"replies":[{"embeddable":true,"href":"https:\/\/diariorepublica.com.ar\/web\/index.php\/wp-json\/wp\/v2\/comments?post=2419"}],"version-history":[{"count":1,"href":"https:\/\/diariorepublica.com.ar\/web\/index.php\/wp-json\/wp\/v2\/posts\/2419\/revisions"}],"predecessor-version":[{"id":2421,"href":"https:\/\/diariorepublica.com.ar\/web\/index.php\/wp-json\/wp\/v2\/posts\/2419\/revisions\/2421"}],"wp:featuredmedia":[{"embeddable":true,"href":"https:\/\/diariorepublica.com.ar\/web\/index.php\/wp-json\/wp\/v2\/media\/2420"}],"wp:attachment":[{"href":"https:\/\/diariorepublica.com.ar\/web\/index.php\/wp-json\/wp\/v2\/media?parent=2419"}],"wp:term":[{"taxonomy":"category","embeddable":true,"href":"https:\/\/diariorepublica.com.ar\/web\/index.php\/wp-json\/wp\/v2\/categories?post=2419"},{"taxonomy":"post_tag","embeddable":true,"href":"https:\/\/diariorepublica.com.ar\/web\/index.php\/wp-json\/wp\/v2\/tags?post=2419"}],"curies":[{"name":"wp","href":"https:\/\/api.w.org\/{rel}","templated":true}]}}