{"id":24196,"date":"2025-06-09T08:28:11","date_gmt":"2025-06-09T11:28:11","guid":{"rendered":"https:\/\/diariorepublica.com.ar\/web\/?p=24196"},"modified":"2025-06-09T08:28:14","modified_gmt":"2025-06-09T11:28:14","slug":"los-itinerarios-de-boca-y-river-para-el-mundial-de-clubes","status":"publish","type":"post","link":"https:\/\/diariorepublica.com.ar\/web\/index.php\/deportes\/2025\/06\/09\/los-itinerarios-de-boca-y-river-para-el-mundial-de-clubes\/","title":{"rendered":"Los itinerarios de Boca y River para el Mundial de Clubes"},"content":{"rendered":"<p>Boca y River ser\u00e1n los representantes argentinos en la nueva y disruptiva edici\u00f3n del Mundial de Clubes 2025. Luego de culminar -tempranamente- su participaci\u00f3n en el Apertura, el Xeneize y el Millonario arrancaron una minipretemporada y ya viajan a Estados Unidos para afrontar el certamen que se jugar\u00e1 entre el 14 de junio y el 13 de julio.<\/p>\n<p>Con la tranquilidad de haber sellado la\u00a0llegada de Miguel \u00c1ngel Russo, quien ya comand\u00f3 el pasado viernes su primera pr\u00e1ctica en este tercer ciclo como entrenador, el cuadro de la Ribera decidi\u00f3 arribar con tiempo al pa\u00eds norteamericano.<\/p>\n<p>El plantel viaj\u00f3 en\u00a0<b>vuelo ch\u00e1rter este domingo.<\/b>\u00a0De acuerdo al reglamento de la FIFA, ente organizador del torneo, es obligatorio que est\u00e9n entre tres y cinco d\u00edas antes, mas\u00a0<b>Boca lo har\u00e1 a seis del arranque del campeonato y a ocho de su debut en el\u00a0Grupo C.<\/b><\/p>\n<p><b>La delegaci\u00f3n la integran 30 futbolistas<\/b>, con algunos asteriscos.<b>\u00a0Lucas Blondel y Luis Adv\u00edncula se sumar\u00e1n m\u00e1s tarde<\/b>\u00a0tras sus compromisos con sus respectivas selecciones;\u00a0<b>Ayrton Costa contin\u00faa tramitando su visa\u00a0<\/b>para poder ingresar a los Estados Unidos y este lunes recibir\u00e1 una respuesta de la embajada; y<b>\u00a0Marco Pellegrino, por ahora el \u00fanico refuerzo, se acoplar\u00e1 en los pr\u00f3ximos d\u00edas<\/b>.<\/p>\n<p>En este sentido,\u00a0su estreno no ser\u00e1 nada f\u00e1cil.\u00a0<b>Deber\u00e1 medirse con Benfica el 16 de junio<\/b>, donde esperan los argentinos \u00c1ngel Di Mar\u00eda -su \u00faltimo certamen\u00a0previo a regresar a Rosario Central- y Nicol\u00e1s Otamendi, hincha de River y referente de la Selecci\u00f3n.<\/p>\n<p>La delegaci\u00f3n xeneize har\u00e1\u00a0<b>base en el estado de Florida<\/b>, dado que sus primeros dos partidos -contra Benfica y Bayern M\u00fanich- ser\u00e1n en el Hard Rock Stadium, en Miami, sede de la pasada Copa Am\u00e9rica ganada por la Albiceleste.<b>\u00a0Contra el gigante europeo jugar\u00e1 el 20, mientras que\u00a0cerrar\u00e1\u00a0la zona frente al Auckland City<\/b>\u00a0neozeland\u00e9s, lo encontrar\u00e1 en Nashville, un poco m\u00e1s al norte.<\/p>\n<p><b>Sobre los refuerzos, pese a que rondaron\u00a0varios nombres, por ahora uno solo est\u00e1 confirmado para el Mundial de Clubes:<\/b><u><b>\u00a0Marco Pellegrino<\/b>\u00a0<\/u>(de Hurac\u00e1n, pero su pase pertenece a Milan). El defensor\u00a0se realiz\u00f3 la revisi\u00f3n m\u00e9dica este mismo domingo\u00a0y pr\u00f3ximamente firmar\u00e1 su contrato para poder partido rumbo a Estados Unidos. Ir\u00e1 por su cuenta, se acopar\u00e1 al plantel d\u00edas despu\u00e9s y estar\u00e1 a disposici\u00f3n de Russo.\u00a0<b>Esperan destrabar la situaci\u00f3n de Malcom Braida<\/b>\u00a0y que, al igual que el zaguero, se sume a los entrenamientos en los pr\u00f3ximos d\u00edas.<\/p>\n<p>Por su parte,\u00a0<b>el Millonario se tomar\u00e1 el avi\u00f3n m\u00e1s tarde: saldr\u00e1 el 11 de junio a la noche desde el Aeropuerto de Ezeiza<\/b>, muy cerca del predio donde el plantel realizar\u00e1 una peque\u00f1a pretemporada para ponerse a punto luego de una semana entera de licencia.\u00a0<b>Se hospedar\u00e1n en Seattle<\/b>, donde disputar\u00e1n dos de los tres duelos. En tanto, se entrenar\u00edan en el complejo deportivo de Seattle Sounders, de la MLS.<\/p>\n<p>En cuanto al debut,<b>\u00a0la Banda jugar\u00e1 la primera fecha del\u00a0Grupo E\u00a0el 17 de junio<\/b>, cinco d\u00edas despu\u00e9s del aterrizaje,\u00a0frente a\u00a0<b>Urawa Red Diamonds<\/b>,\u00a0a priori el rival m\u00e1s d\u00e9bil\u00a0y de irregular presente, en el Lumen Field. Luego, se medir\u00e1 con<b>\u00a0Rayados de Monterrey en Los \u00c1ngeles el 21 y culminar\u00e1 la primera fase el 25 en Seattle, contra Inter de Italia<\/b>,\u00a0que viene de ser goleado en la final de la Champions League.<\/p>\n<p>Sobre los refuerzos, el plan de Marcelo Gallardo es traer -al menos-\u00a0<b>un nombre por l\u00ednea<\/b>, a excepci\u00f3n del arquero:\u00a0<u>un lateral izquierdo, un mediocampista central, un volante ofensivo y un delantero de \u00e1rea.\u00a0<\/u>No obstante, a esta hora no hay ninguna negociaci\u00f3n avanzada y\u00a0<b>salvo una operaci\u00f3n contrarreloj, las incorporaciones ser\u00e1n para el post Mundial de Clubes.<\/b><\/p>\n<p>En las \u00faltimas semanas, sonaron\u00a0Lucas Esquivel\u00a0(Athletico Paranaense), que estuvo cerca de llegar en el anterior mercado de pases,\u00a0Gabriel Suazo (libre),\u00a0\u00c1ngel Correa\u00a0(Atl\u00e9tico de Madrid, en negociaciones con Tigres de M\u00e9xico) y\u00a0Lucas Beltr\u00e1n (Fiorentina).<b>\u00a0<\/b><\/p>\n<p>tycsports.com<\/p>\n\n\n<p><\/p>\n","protected":false},"excerpt":{"rendered":"<p>Boca y River ser\u00e1n los representantes argentinos en la nueva y disruptiva edici\u00f3n del Mundial de Clubes 2025. Luego de<\/p>\n","protected":false},"author":1,"featured_media":24197,"comment_status":"closed","ping_status":"closed","sticky":false,"template":"","format":"standard","meta":{"footnotes":"","jetpack_publicize_message":"","jetpack_publicize_feature_enabled":true,"jetpack_social_post_already_shared":true,"jetpack_social_options":{"image_generator_settings":{"template":"highway","enabled":false},"version":2}},"categories":[9],"tags":[],"class_list":["post-24196","post","type-post","status-publish","format-standard","has-post-thumbnail","hentry","category-deportes"],"jetpack_publicize_connections":[],"_links":{"self":[{"href":"https:\/\/diariorepublica.com.ar\/web\/index.php\/wp-json\/wp\/v2\/posts\/24196"}],"collection":[{"href":"https:\/\/diariorepublica.com.ar\/web\/index.php\/wp-json\/wp\/v2\/posts"}],"about":[{"href":"https:\/\/diariorepublica.com.ar\/web\/index.php\/wp-json\/wp\/v2\/types\/post"}],"author":[{"embeddable":true,"href":"https:\/\/diariorepublica.com.ar\/web\/index.php\/wp-json\/wp\/v2\/users\/1"}],"replies":[{"embeddable":true,"href":"https:\/\/diariorepublica.com.ar\/web\/index.php\/wp-json\/wp\/v2\/comments?post=24196"}],"version-history":[{"count":1,"href":"https:\/\/diariorepublica.com.ar\/web\/index.php\/wp-json\/wp\/v2\/posts\/24196\/revisions"}],"predecessor-version":[{"id":24198,"href":"https:\/\/diariorepublica.com.ar\/web\/index.php\/wp-json\/wp\/v2\/posts\/24196\/revisions\/24198"}],"wp:featuredmedia":[{"embeddable":true,"href":"https:\/\/diariorepublica.com.ar\/web\/index.php\/wp-json\/wp\/v2\/media\/24197"}],"wp:attachment":[{"href":"https:\/\/diariorepublica.com.ar\/web\/index.php\/wp-json\/wp\/v2\/media?parent=24196"}],"wp:term":[{"taxonomy":"category","embeddable":true,"href":"https:\/\/diariorepublica.com.ar\/web\/index.php\/wp-json\/wp\/v2\/categories?post=24196"},{"taxonomy":"post_tag","embeddable":true,"href":"https:\/\/diariorepublica.com.ar\/web\/index.php\/wp-json\/wp\/v2\/tags?post=24196"}],"curies":[{"name":"wp","href":"https:\/\/api.w.org\/{rel}","templated":true}]}}