{"id":24208,"date":"2025-06-10T07:32:02","date_gmt":"2025-06-10T10:32:02","guid":{"rendered":"https:\/\/diariorepublica.com.ar\/web\/?p=24208"},"modified":"2025-06-10T07:32:04","modified_gmt":"2025-06-10T10:32:04","slug":"poncho-2025-programacion-completa-del-escenario-de-el-patio","status":"publish","type":"post","link":"https:\/\/diariorepublica.com.ar\/web\/index.php\/locales\/2025\/06\/10\/poncho-2025-programacion-completa-del-escenario-de-el-patio\/","title":{"rendered":"Poncho 2025: Programaci\u00f3n completa del escenario de El Patio"},"content":{"rendered":"<p>El escenario de El Patio, de acceso gratuito, acompa\u00f1ar\u00e1 por nueve tardes la 54\u00b0 Fiesta Nacional e Internacional del Poncho, en el Predio Ferial Catamarca, a partir del s\u00e1bado 19 al domingo 27, desde las 14 hs. Con artistas nacionales y locales, este espacio se consolida como el lugar de los atardeceres imperdibles y de la previa a la fiesta del Escenario Mayor.<\/p>\n<p>En esta edici\u00f3n tendr\u00e1 a los artistas nacionales Orellana Lucca, D\u00fao Coplanacu, BM, Ariel El Traidor y Los Pibes, Los Cafres, L\u00e1zaro Caballero, Bahiano, Dami\u00e1n C\u00f3rdoba, Los Herrera, Nahuel Penissi y Los Tekis, y m\u00fasicos y bailarines locales de folclore, m\u00fasica urbana, entre otros g\u00e9neros.<\/p>\n<p>El Patio convoca cada vez m\u00e1s familias y grupos de amigos que lo eligen tambi\u00e9n para conocer las propuestas de los destinos tur\u00edsticos nacionales que se promocionan en este espacio, la diversidad cultural en el sector de colectividades y disfrutar de las distintas opciones gastron\u00f3micas.<\/p>\n<p>Durante el Poncho San Juan, San Luis, Mendoza, Tucum\u00e1n, Salta, Santiago, Termas de R\u00edo Hondo, La Rioja, Jujuy, Carlos Paz, Buenos Aires, Ciudad de Buenos Aires y Neuqu\u00e9n estar\u00e1n promocionando sus atractivos a trav\u00e9s de actividades, juegos, y experiencias.<\/p>\n<p><strong>Cartelera de El Patio<\/strong><\/p>\n<p><strong>S\u00e1bado 19 de julio\u00a0<\/strong><\/p>\n<p>Inclusi\u00f3n Folcl\u00f3rica Luis F. Baz\u00e1n<\/p>\n<p>La Troya<\/p>\n<p>Florencia Tula<\/p>\n<p>Grupo Sapikuna<\/p>\n<p>D\u00fao Yanasu<\/p>\n<p><strong>D\u00fao Coplanacu<\/strong><\/p>\n<p>Delegaci\u00f3n Departamental Valle Viejo<\/p>\n<p>Tamara Paz<\/p>\n<p>Hombre viejo<\/p>\n<p><strong>Orellana Lucca<\/strong><\/p>\n<p><strong>Domingo 20 de julio\u00a0<\/strong><\/p>\n<p>Banda de M\u00fasica de la Polic\u00eda de Catamarca<br \/>\nInsania<br \/>\nLos del Milagro<br \/>\nDelegaci\u00f3n Departamental Santa Mar\u00eda<br \/>\nNo tocar<\/p>\n<p><strong>BM<\/strong><\/p>\n<p>Banda Vamos<br \/>\nAlejandra S\u00e1nchez<br \/>\nBig Boss Crew<\/p>\n<p><strong>Ariel el traidor y los pibes<\/strong><\/p>\n<p><strong>Lunes 21 de julio\u00a0<\/strong><\/p>\n<p>Escuela de Danzas Bailarines de mi Pueblo<br \/>\nVictoria Berrondo<br \/>\nMilba<br \/>\nBallet Folkl\u00f3rico Santa Marta<br \/>\nGirafunk<br \/>\nLordowar<br \/>\nGrupo Zonda<br \/>\nDo\u00f1a In\u00e9s<br \/>\nLa Calera<br \/>\nDelegaci\u00f3n Departamental FME<\/p>\n<p><strong>Los Cafres<\/strong><\/p>\n<p><strong>Martes 22 de julio\u00a0<\/strong><\/p>\n<p>Ballet Mishquila Pacha<br \/>\nCandelaria Prieto<br \/>\nSendero<br \/>\nBel\u00e9n Parma<br \/>\nDelegaci\u00f3n Departamental Pacl\u00edn<br \/>\nLa Cuartada<br \/>\nLos Luceros del Chamam\u00e9<br \/>\nRoly Ficha Acosta<br \/>\nFederico Miranda<br \/>\nFreddy Romero<\/p>\n<p><strong>L\u00e1zaro Caballero<\/strong><\/p>\n<p><strong>Mi\u00e9rcoles 23 de julio\u00a0<\/strong><\/p>\n<p>Ballet Municipal A\u00f1oranza<br \/>\nGuadalupe Carrizo<br \/>\nBren Coll<br \/>\nDelegaci\u00f3n Departamental Ambato<br \/>\nLa Vor\u00e1gine Rock<br \/>\nRochi Orellana<br \/>\nFran Santill\u00e1n<br \/>\nDelegaci\u00f3n Departamental Tinogasta<br \/>\nLa Maza<br \/>\nBrujas del Valle<\/p>\n<p><strong>Bahiano<\/strong><\/p>\n<p><strong>Jueves 24 de julio\u00a0<\/strong><\/p>\n<p>Ballet Alma de Horizonte &#8211; Ballet FME<br \/>\nAlberto Har\u00f3n<br \/>\nNatalia Brizuela C\u00e9sar<br \/>\nJomaray<br \/>\nDelegaci\u00f3n Departamental Ancasti<br \/>\nCalibre Rock<br \/>\nMagui Leiva<br \/>\nSapitos Forever<br \/>\nVa de una<\/p>\n<p><strong>Dami\u00e1n C\u00f3rdoba<\/strong><\/p>\n<p><strong>Viernes 25 de julio\u00a0<\/strong><\/p>\n<p>Banda de m\u00fasica de la Municipalidad de SFVC<br \/>\nBallet Mario Rodr\u00edguez del CV Domingo Faustino Sarmiento<br \/>\nLoad<br \/>\nThompson<br \/>\nMauricio Cabrera<br \/>\nL&#8217;Orquesta<br \/>\nDelegaci\u00f3n Departamental Pom\u00e1n<br \/>\nEugenia D\u00edaz<br \/>\nRodrigo Mart\u00ednez y los Potros<br \/>\nEstudio a Pura Danza<\/p>\n<p><strong>Los Herrera<\/strong><\/p>\n<p><strong>S\u00e1bado 26 de julio\u00a0<\/strong><\/p>\n<p>Caporales San Sim\u00f3n Oruro filial Catamarca<br \/>\nCarla Romero<br \/>\nEl Algarrobal<br \/>\nLau Aroca Jazz Band<br \/>\nDelegaci\u00f3n Departamental El Alto<br \/>\nEl Turco Ayame<br \/>\nAisha Yoma<br \/>\nHerederos<br \/>\nMBM Dance<\/p>\n<p><strong>Nahuel Penissi<\/strong><\/p>\n<p><strong>Domingo 27 de julio\u00a0<\/strong><\/p>\n<p>Ballet La Merced<br \/>\nDalma Robles<br \/>\nAldo Luna<br \/>\nLa Furia Musical<br \/>\nEcos del Litoral<br \/>\nFede Pacheco<br \/>\nLos Rieles<\/p>\n<p><strong>Los Tekis<\/strong><\/p>\n","protected":false},"excerpt":{"rendered":"<p>El escenario de El Patio, de acceso gratuito, acompa\u00f1ar\u00e1 por nueve tardes la 54\u00b0 Fiesta Nacional e Internacional del Poncho,<\/p>\n","protected":false},"author":1,"featured_media":24209,"comment_status":"closed","ping_status":"closed","sticky":false,"template":"","format":"standard","meta":{"footnotes":"","jetpack_publicize_message":"","jetpack_publicize_feature_enabled":true,"jetpack_social_post_already_shared":true,"jetpack_social_options":{"image_generator_settings":{"template":"highway","enabled":false},"version":2}},"categories":[2],"tags":[],"class_list":["post-24208","post","type-post","status-publish","format-standard","has-post-thumbnail","hentry","category-locales"],"jetpack_publicize_connections":[],"_links":{"self":[{"href":"https:\/\/diariorepublica.com.ar\/web\/index.php\/wp-json\/wp\/v2\/posts\/24208"}],"collection":[{"href":"https:\/\/diariorepublica.com.ar\/web\/index.php\/wp-json\/wp\/v2\/posts"}],"about":[{"href":"https:\/\/diariorepublica.com.ar\/web\/index.php\/wp-json\/wp\/v2\/types\/post"}],"author":[{"embeddable":true,"href":"https:\/\/diariorepublica.com.ar\/web\/index.php\/wp-json\/wp\/v2\/users\/1"}],"replies":[{"embeddable":true,"href":"https:\/\/diariorepublica.com.ar\/web\/index.php\/wp-json\/wp\/v2\/comments?post=24208"}],"version-history":[{"count":1,"href":"https:\/\/diariorepublica.com.ar\/web\/index.php\/wp-json\/wp\/v2\/posts\/24208\/revisions"}],"predecessor-version":[{"id":24210,"href":"https:\/\/diariorepublica.com.ar\/web\/index.php\/wp-json\/wp\/v2\/posts\/24208\/revisions\/24210"}],"wp:featuredmedia":[{"embeddable":true,"href":"https:\/\/diariorepublica.com.ar\/web\/index.php\/wp-json\/wp\/v2\/media\/24209"}],"wp:attachment":[{"href":"https:\/\/diariorepublica.com.ar\/web\/index.php\/wp-json\/wp\/v2\/media?parent=24208"}],"wp:term":[{"taxonomy":"category","embeddable":true,"href":"https:\/\/diariorepublica.com.ar\/web\/index.php\/wp-json\/wp\/v2\/categories?post=24208"},{"taxonomy":"post_tag","embeddable":true,"href":"https:\/\/diariorepublica.com.ar\/web\/index.php\/wp-json\/wp\/v2\/tags?post=24208"}],"curies":[{"name":"wp","href":"https:\/\/api.w.org\/{rel}","templated":true}]}}