{"id":24211,"date":"2025-06-10T08:04:04","date_gmt":"2025-06-10T11:04:04","guid":{"rendered":"https:\/\/diariorepublica.com.ar\/web\/?p=24211"},"modified":"2025-06-10T08:04:06","modified_gmt":"2025-06-10T11:04:06","slug":"la-construccion-repunto-51-mensual-en-abril-y-anoto-su-mayor-alza-en-casi-un-ano","status":"publish","type":"post","link":"https:\/\/diariorepublica.com.ar\/web\/index.php\/economia\/2025\/06\/10\/la-construccion-repunto-51-mensual-en-abril-y-anoto-su-mayor-alza-en-casi-un-ano\/","title":{"rendered":"La construcci\u00f3n repunt\u00f3 5,1% mensual en abril y anot\u00f3 su mayor alza en casi un a\u00f1o"},"content":{"rendered":"<p>El indicador sint\u00e9tico de la actividad de la construcci\u00f3n (ISAC) mostr\u00f3 una suba de 5,1% mensual desestacionalizado en abril, seg\u00fan inform\u00f3 el Instituto Nacional de Estad\u00edstica y Censos (INDEC). Se trat\u00f3 del mayor incremento mensual desde julio, aunque la serie se revisa y suele recalcularse al mes siguente.<\/p>\n<p>En la comparaci\u00f3n con el mismo mes del a\u00f1o pasado, el crecimiento fue a\u00fan mayor y alcanz\u00f3 el 25,9%. Cabe destacar que, la base de comparaci\u00f3n es muy baja, ya que en abril 2024 la ca\u00edda hab\u00eda sido del 37,3% frente al mismo mes de 2023.<\/p>\n<article class=\"article-body article-body--third-paragraph content-protected-false\">En el acumulado del primer cuatrimestre de 2025, el \u00edndice serie original presenta un aumento de\u00a0<strong>10,4%<\/strong>\u00a0respecto al mismo per\u00edodo del a\u00f1o pasado.<\/p>\n<\/article>\n<article class=\"article-body article-body--fourth-paragraph content-protected-false\">Insumos: consumo de abril<\/p>\n<p>Los datos del consumo aparente de los\u00a0<strong>insumos para la construcci\u00f3n<\/strong>\u00a0en abril muestran, con relaci\u00f3n a igual mes del a\u00f1o anterior, subas de\u00a0<strong>84,2%<\/strong>\u00a0en\u00a0<strong>art\u00edculos sanitarios de cer\u00e1mica<\/strong>;\u00a0<strong>82,6%<\/strong>\u00a0en placas de\u00a0<strong>yeso; 74,9%<\/strong>\u00a0en\u00a0<strong>asfalto<\/strong>;\u00a0<strong>55%<\/strong>\u00a0en\u00a0<strong>mosaicos gran\u00edticos y calc\u00e1reos<\/strong>;\u00a0<strong>50,3%<\/strong>\u00a0en\u00a0<strong>hormig\u00f3n elaborado; 41,4%<\/strong>\u00a0en\u00a0<strong>pisos y revestimientos cer\u00e1micos<\/strong>;\u00a0<strong>29,5%<\/strong>\u00a0en\u00a0<strong>hierro redondo y aceros para la construcci\u00f3n<\/strong>;\u00a0<strong>27,7%<\/strong>\u00a0en\u00a0<strong>cemento portland<\/strong>;\u00a0<strong>25,9%<\/strong>\u00a0en\u00a0<strong>cales; 20,9%<\/strong>\u00a0en\u00a0<strong>yeso; 19,8%<\/strong>\u00a0en\u00a0<strong>pinturas para construcci\u00f3n<\/strong>;\u00a0<strong>15%<\/strong>\u00a0en\u00a0<strong>ladrillos huecos<\/strong>; y\u00a0<strong>6,2%<\/strong>\u00a0en el resto de los insumos (incluye grifer\u00eda, tubos de acero sin costura y vidrio para construcci\u00f3n).<\/p>\n<\/article>\n<article class=\"article-body article-body--remaining-paragraph content-protected-false\">Por su parte, si se analizan las variaciones del acumulado durante el primer cuatrimestre del a\u00f1o con relaci\u00f3n a igual per\u00edodo del a\u00f1o anterior, se observan subas de 79,8% en\u00a0<strong>asfalto;<\/strong>\u00a029,7% en\u00a0<strong>placas de yeso<\/strong>; 21,4% en\u00a0<strong>art\u00edculos sanitarios de cer\u00e1mica<\/strong>; 20,2% en\u00a0<strong>hormig\u00f3n elaborado<\/strong>; 19,4% en\u00a0<strong>pisos y revestimientos cer\u00e1micos<\/strong>; 15,9% en\u00a0<strong>cales<\/strong>; 14,7% en\u00a0<strong>cemento portland<\/strong>; 13,3% en\u00a0<strong>pinturas para construcci\u00f3n<\/strong>; 13,2% en\u00a0<strong>hierro redondo y aceros para la construcci\u00f3n<\/strong>; 12,9% en\u00a0<strong>yeso;<\/strong>\u00a0y 10,3% en\u00a0<strong>ladrillos huecos<\/strong>. Mientras tanto, se observan bajas de 10% en el resto de los insumos (incluye grifer\u00eda, tubos de acero sin costura y vidrio para construcci\u00f3n); y 4,0% en mosaicos gran\u00edticos y calc\u00e1reos.<\/p>\n<p>ambito.com<\/p>\n<\/article>\n","protected":false},"excerpt":{"rendered":"<p>El indicador sint\u00e9tico de la actividad de la construcci\u00f3n (ISAC) mostr\u00f3 una suba de 5,1% mensual desestacionalizado en abril, seg\u00fan<\/p>\n","protected":false},"author":1,"featured_media":24212,"comment_status":"closed","ping_status":"closed","sticky":false,"template":"","format":"standard","meta":{"footnotes":"","jetpack_publicize_message":"","jetpack_publicize_feature_enabled":true,"jetpack_social_post_already_shared":true,"jetpack_social_options":{"image_generator_settings":{"template":"highway","enabled":false},"version":2}},"categories":[5],"tags":[],"class_list":["post-24211","post","type-post","status-publish","format-standard","has-post-thumbnail","hentry","category-economia"],"jetpack_publicize_connections":[],"_links":{"self":[{"href":"https:\/\/diariorepublica.com.ar\/web\/index.php\/wp-json\/wp\/v2\/posts\/24211"}],"collection":[{"href":"https:\/\/diariorepublica.com.ar\/web\/index.php\/wp-json\/wp\/v2\/posts"}],"about":[{"href":"https:\/\/diariorepublica.com.ar\/web\/index.php\/wp-json\/wp\/v2\/types\/post"}],"author":[{"embeddable":true,"href":"https:\/\/diariorepublica.com.ar\/web\/index.php\/wp-json\/wp\/v2\/users\/1"}],"replies":[{"embeddable":true,"href":"https:\/\/diariorepublica.com.ar\/web\/index.php\/wp-json\/wp\/v2\/comments?post=24211"}],"version-history":[{"count":1,"href":"https:\/\/diariorepublica.com.ar\/web\/index.php\/wp-json\/wp\/v2\/posts\/24211\/revisions"}],"predecessor-version":[{"id":24213,"href":"https:\/\/diariorepublica.com.ar\/web\/index.php\/wp-json\/wp\/v2\/posts\/24211\/revisions\/24213"}],"wp:featuredmedia":[{"embeddable":true,"href":"https:\/\/diariorepublica.com.ar\/web\/index.php\/wp-json\/wp\/v2\/media\/24212"}],"wp:attachment":[{"href":"https:\/\/diariorepublica.com.ar\/web\/index.php\/wp-json\/wp\/v2\/media?parent=24211"}],"wp:term":[{"taxonomy":"category","embeddable":true,"href":"https:\/\/diariorepublica.com.ar\/web\/index.php\/wp-json\/wp\/v2\/categories?post=24211"},{"taxonomy":"post_tag","embeddable":true,"href":"https:\/\/diariorepublica.com.ar\/web\/index.php\/wp-json\/wp\/v2\/tags?post=24211"}],"curies":[{"name":"wp","href":"https:\/\/api.w.org\/{rel}","templated":true}]}}