{"id":24214,"date":"2025-06-10T08:07:32","date_gmt":"2025-06-10T11:07:32","guid":{"rendered":"https:\/\/diariorepublica.com.ar\/web\/?p=24214"},"modified":"2025-06-10T08:07:42","modified_gmt":"2025-06-10T11:07:42","slug":"javier-milei-se-reunira-con-el-primer-ministro-israeli-benjamin-netanyahu","status":"publish","type":"post","link":"https:\/\/diariorepublica.com.ar\/web\/index.php\/politica\/2025\/06\/10\/javier-milei-se-reunira-con-el-primer-ministro-israeli-benjamin-netanyahu\/","title":{"rendered":"Javier Milei se reunir\u00e1 con el primer ministro israel\u00ed Benjam\u00edn Netanyahu"},"content":{"rendered":"<article class=\"article-body article-body--first-paragraph content-protected-false\" data-td-script-src=\"https:\/\/www.ambito.com\/td\/modulos\/encuestas\/js\/function-embeds-min-version-1747541270.js\">Tras su segunda visita al Muro de los Lamentos\u00a0desde que es presidente,<strong>\u00a0Javier Milei\u00a0<\/strong>contin\u00faa con su gira por Israel. Este martes tendr\u00e1 una agenda con una alta carga de dosis geopol\u00edtica, ya que se reunir\u00e1 con los l\u00edderes m\u00e1s importantes de ese pa\u00eds,\u00a0<strong>el primer ministro Benjam\u00edn Netanyahu y el mandatario Isaac Herzog<\/strong>.<\/p>\n<\/article>\n<article class=\"article-body article-body--second-paragraph content-protected-false\">Durante la tarde de ayer, Milei arrib\u00f3 a Israel. Su primera actividad fue visitar el Muro de los Lamentos, en la ciudad de Jerusal\u00e9n, donde estuvo acompa\u00f1ado por el embajador argentino Axel Wahnish.<\/p>\n<p>\u201cQuiero que sepan que\u00a0<strong>mi respaldo a Israel es de coraz\u00f3n<\/strong>, porque creo que es la causa justa y es la causa de Occidente.\u00a0<strong>Seguir\u00e9 siempre a su lado<\/strong>\u201d, expres\u00f3 el Presidente desde all\u00ed.<\/p>\n<article class=\"article-body article-body--fourth-paragraph content-protected-false\">El Presidente aterriz\u00f3 ayer a las 22 (hora local) en el aeropuerto Ben Gurion de Tel Aviv. De all\u00ed, fue r\u00e1pidamente trasladado hasta el Muro ubicado en la Ciudad Vieja. Milei arrib\u00f3 luego al Hotel Rey David, donde fue recibido por cientos de fan\u00e1ticos y fuertes\u00a0<strong>medidas de protecci\u00f3n y privacidad.<\/strong><\/p>\n<\/article>\n<article class=\"article-body article-body--remaining-paragraph content-protected-false\">De este modo, hoy comenzar\u00e1 su agenda oficial, con\u00a0<strong>una reuni\u00f3n con el presidente de Israel, Isaac Herzog,<\/strong>\u00a0por el mediod\u00eda. M\u00e1s tarde, mantendr\u00e1 una audiencia con el premier\u00a0<strong>Benjam\u00edn<\/strong>\u00a0<strong>Netanyahu.<\/strong><\/p>\n<p><strong>Adem\u00e1s, Milei disertar\u00e1 en el Parlamento de Israel, en donde tambi\u00e9n recibir\u00e1 un premio. A su vez, realizar\u00e1 varias actividades con familiares de las v\u00edctimas del ataque por parte de Hamas a la Franja de Gaza del 7 de octubre de 2023.<\/strong><\/p>\n<p>Asimismo, se espera que participe de un acto en el Parque David, donde se descubrir\u00e1 una placa, y que\u00a0<strong>realice una visita al Santo Sepulcro<\/strong>\u00a0y tenga un encuentro con un rabino.<\/p>\n<p>ambito.com<\/p>\n<\/article>\n<\/article>\n","protected":false},"excerpt":{"rendered":"<p>Tras su segunda visita al Muro de los Lamentos\u00a0desde que es presidente,\u00a0Javier Milei\u00a0contin\u00faa con su gira por Israel. Este martes<\/p>\n","protected":false},"author":1,"featured_media":24215,"comment_status":"closed","ping_status":"closed","sticky":false,"template":"","format":"standard","meta":{"footnotes":"","jetpack_publicize_message":"","jetpack_publicize_feature_enabled":true,"jetpack_social_post_already_shared":true,"jetpack_social_options":{"image_generator_settings":{"template":"highway","enabled":false},"version":2}},"categories":[12],"tags":[],"class_list":["post-24214","post","type-post","status-publish","format-standard","has-post-thumbnail","hentry","category-politica"],"jetpack_publicize_connections":[],"_links":{"self":[{"href":"https:\/\/diariorepublica.com.ar\/web\/index.php\/wp-json\/wp\/v2\/posts\/24214"}],"collection":[{"href":"https:\/\/diariorepublica.com.ar\/web\/index.php\/wp-json\/wp\/v2\/posts"}],"about":[{"href":"https:\/\/diariorepublica.com.ar\/web\/index.php\/wp-json\/wp\/v2\/types\/post"}],"author":[{"embeddable":true,"href":"https:\/\/diariorepublica.com.ar\/web\/index.php\/wp-json\/wp\/v2\/users\/1"}],"replies":[{"embeddable":true,"href":"https:\/\/diariorepublica.com.ar\/web\/index.php\/wp-json\/wp\/v2\/comments?post=24214"}],"version-history":[{"count":2,"href":"https:\/\/diariorepublica.com.ar\/web\/index.php\/wp-json\/wp\/v2\/posts\/24214\/revisions"}],"predecessor-version":[{"id":24218,"href":"https:\/\/diariorepublica.com.ar\/web\/index.php\/wp-json\/wp\/v2\/posts\/24214\/revisions\/24218"}],"wp:featuredmedia":[{"embeddable":true,"href":"https:\/\/diariorepublica.com.ar\/web\/index.php\/wp-json\/wp\/v2\/media\/24215"}],"wp:attachment":[{"href":"https:\/\/diariorepublica.com.ar\/web\/index.php\/wp-json\/wp\/v2\/media?parent=24214"}],"wp:term":[{"taxonomy":"category","embeddable":true,"href":"https:\/\/diariorepublica.com.ar\/web\/index.php\/wp-json\/wp\/v2\/categories?post=24214"},{"taxonomy":"post_tag","embeddable":true,"href":"https:\/\/diariorepublica.com.ar\/web\/index.php\/wp-json\/wp\/v2\/tags?post=24214"}],"curies":[{"name":"wp","href":"https:\/\/api.w.org\/{rel}","templated":true}]}}