{"id":24219,"date":"2025-06-10T08:10:16","date_gmt":"2025-06-10T11:10:16","guid":{"rendered":"https:\/\/diariorepublica.com.ar\/web\/?p=24219"},"modified":"2025-06-10T08:10:18","modified_gmt":"2025-06-10T11:10:18","slug":"victoria-villarruel-dispuso-que-los-senadores-puedan-rechazar-los-aumentos-de-sueldo-que-provienen-de-la-paritaria-legislativa","status":"publish","type":"post","link":"https:\/\/diariorepublica.com.ar\/web\/index.php\/politica\/2025\/06\/10\/victoria-villarruel-dispuso-que-los-senadores-puedan-rechazar-los-aumentos-de-sueldo-que-provienen-de-la-paritaria-legislativa\/","title":{"rendered":"Victoria Villarruel dispuso que los senadores puedan rechazar los aumentos de sueldo que provienen de la paritaria legislativa"},"content":{"rendered":"<p class=\"com-paragraph  --capital --s\">\u00a0<strong>Victoria Villarruel<\/strong>\u00a0firm\u00f3 un decreto que\u00a0<strong>habilita a los senadores<\/strong>\u00a0que lo manifiesten por escrito\u00a0<strong>a rechazar los aumentos de dietas<\/strong>\u00a0que vienen recibiendo los miembros de la C\u00e1mara alta cada vez que\u00a0los empleados legislativos cierran una paritaria\u00a0y consiguen incrementos en sus sueldos. A partir de esta negociaci\u00f3n de la Asociaci\u00f3n del Personal Legislativo (APL), los senadores incrementaron la semana pasada su sueldo a $9.500.000.<\/p>\n<p class=\"com-paragraph   --s\">La medida est\u00e1 incluida en el decreto de presidencia 344\/25 en el que Villarruel otorga, en cumplimiento de los acordado por los presidentes de ambas c\u00e1maras con los gremios, un aumento del 1,3% en los salarios de abril y un bono de $ 100.000 para los trabajadores de la C\u00e1mara alta.<\/p>\n<p class=\"com-paragraph   --s\">En su tercer art\u00edculo\u00a0<strong>la norma invita a los senadores \u201ca ejercer la opci\u00f3n de adecuar o no, total o parcialmente, sus respectivas dietas, inform\u00e1ndolo por nota a Presidencia<\/strong>, en m\u00e9rito a las facultades que le son propias\u201d.<\/p>\n<p class=\"com-paragraph   --s\">De esta manera, la vicepresidenta busca saldar la puja que se genera cada vez que los trabajadores legislativos reciben un aumento salarial entre aquellos senadores que consideran l\u00f3gico el incremento de sus dietas y los que, para evitar la condena social y medi\u00e1tica, se quejan en p\u00fablico por el aumento y amenazan con renunciar a percibir la mejora, algo que hasta ahora no pod\u00edan hacer.<\/p>\n<p class=\"com-paragraph   --s\">El conflicto naci\u00f3 en\u00a0<strong>abril del a\u00f1o pasado<\/strong>, cuando un grupo de senadores impuls\u00f3 una r<strong>eforma que at\u00f3 los ingresos de los legisladores a los de los empleados del Congreso<\/strong>, al fijar en m\u00f3dulos, y ya no en una cifra expresada en pesos. el monto que perciben en concepto de dieta, gastos de representaci\u00f3n y desarraigo.<\/p>\n","protected":false},"excerpt":{"rendered":"<p>\u00a0Victoria Villarruel\u00a0firm\u00f3 un decreto que\u00a0habilita a los senadores\u00a0que lo manifiesten por escrito\u00a0a rechazar los aumentos de dietas\u00a0que vienen recibiendo los<\/p>\n","protected":false},"author":1,"featured_media":23503,"comment_status":"closed","ping_status":"closed","sticky":false,"template":"","format":"standard","meta":{"footnotes":"","jetpack_publicize_message":"","jetpack_publicize_feature_enabled":true,"jetpack_social_post_already_shared":true,"jetpack_social_options":{"image_generator_settings":{"template":"highway","enabled":false},"version":2}},"categories":[12],"tags":[],"class_list":["post-24219","post","type-post","status-publish","format-standard","has-post-thumbnail","hentry","category-politica"],"jetpack_publicize_connections":[],"_links":{"self":[{"href":"https:\/\/diariorepublica.com.ar\/web\/index.php\/wp-json\/wp\/v2\/posts\/24219"}],"collection":[{"href":"https:\/\/diariorepublica.com.ar\/web\/index.php\/wp-json\/wp\/v2\/posts"}],"about":[{"href":"https:\/\/diariorepublica.com.ar\/web\/index.php\/wp-json\/wp\/v2\/types\/post"}],"author":[{"embeddable":true,"href":"https:\/\/diariorepublica.com.ar\/web\/index.php\/wp-json\/wp\/v2\/users\/1"}],"replies":[{"embeddable":true,"href":"https:\/\/diariorepublica.com.ar\/web\/index.php\/wp-json\/wp\/v2\/comments?post=24219"}],"version-history":[{"count":1,"href":"https:\/\/diariorepublica.com.ar\/web\/index.php\/wp-json\/wp\/v2\/posts\/24219\/revisions"}],"predecessor-version":[{"id":24220,"href":"https:\/\/diariorepublica.com.ar\/web\/index.php\/wp-json\/wp\/v2\/posts\/24219\/revisions\/24220"}],"wp:featuredmedia":[{"embeddable":true,"href":"https:\/\/diariorepublica.com.ar\/web\/index.php\/wp-json\/wp\/v2\/media\/23503"}],"wp:attachment":[{"href":"https:\/\/diariorepublica.com.ar\/web\/index.php\/wp-json\/wp\/v2\/media?parent=24219"}],"wp:term":[{"taxonomy":"category","embeddable":true,"href":"https:\/\/diariorepublica.com.ar\/web\/index.php\/wp-json\/wp\/v2\/categories?post=24219"},{"taxonomy":"post_tag","embeddable":true,"href":"https:\/\/diariorepublica.com.ar\/web\/index.php\/wp-json\/wp\/v2\/tags?post=24219"}],"curies":[{"name":"wp","href":"https:\/\/api.w.org\/{rel}","templated":true}]}}