{"id":2422,"date":"2023-05-04T08:12:52","date_gmt":"2023-05-04T11:12:52","guid":{"rendered":"https:\/\/diariorepublica.com.ar\/web\/?p=2422"},"modified":"2023-05-04T08:12:53","modified_gmt":"2023-05-04T11:12:53","slug":"francisco-monti-es-el-mejor-posicionado-para-enfrentar-a-jalil","status":"publish","type":"post","link":"https:\/\/diariorepublica.com.ar\/web\/index.php\/politica\/2023\/05\/04\/francisco-monti-es-el-mejor-posicionado-para-enfrentar-a-jalil\/","title":{"rendered":"\u00abFrancisco Monti es el mejor posicionado para enfrentar a Jalil\u00bb"},"content":{"rendered":"<p>El diputado provincial, Carlos Marsilli (UCR) sum\u00f3 a la lista de precandidatos a Gobernador al diputado nacional, Francisco Monti. Para el diputado provincial oriundo de Santa Mar\u00eda, Monti es el \u201cmejor posicionado\u201d para poner fin a la gesti\u00f3n de Ra\u00fal Jalil al frente del Gobierno provincial.<\/p>\n<p>\u201cEstamos convencidos que el diputado nacional Francisco Monti es el mejor posicionado y con una mirada a la sociedad distinta, con ganas de trasformar con trasparencia el uso de los recursos de estado provincial, para que Catamarca no pierda la oportunidad de salir a delante\u201d, dijo Marcilli, a lo que agreg\u00f3: \u201cTenemos que volver a ser la alternativa en las pr\u00f3ximas elecciones. Necesitamos de una persona que est\u00e9 dispuesto al servicio de la sociedad, y es por eso que nos orgullece que el diputado Nacional tenga ese compromiso y vocaci\u00f3n para los catamarque\u00f1os que est\u00e1n buscando ponerle un final a Jalil\u201d.<\/p>\n","protected":false},"excerpt":{"rendered":"<p>El diputado provincial, Carlos Marsilli (UCR) sum\u00f3 a la lista de precandidatos a Gobernador al diputado nacional, Francisco Monti. Para<\/p>\n","protected":false},"author":2,"featured_media":2423,"comment_status":"closed","ping_status":"closed","sticky":false,"template":"","format":"standard","meta":{"footnotes":"","jetpack_publicize_message":"","jetpack_publicize_feature_enabled":true,"jetpack_social_post_already_shared":false,"jetpack_social_options":{"image_generator_settings":{"template":"highway","enabled":false},"version":2}},"categories":[12],"tags":[],"class_list":["post-2422","post","type-post","status-publish","format-standard","has-post-thumbnail","hentry","category-politica"],"jetpack_publicize_connections":[],"_links":{"self":[{"href":"https:\/\/diariorepublica.com.ar\/web\/index.php\/wp-json\/wp\/v2\/posts\/2422"}],"collection":[{"href":"https:\/\/diariorepublica.com.ar\/web\/index.php\/wp-json\/wp\/v2\/posts"}],"about":[{"href":"https:\/\/diariorepublica.com.ar\/web\/index.php\/wp-json\/wp\/v2\/types\/post"}],"author":[{"embeddable":true,"href":"https:\/\/diariorepublica.com.ar\/web\/index.php\/wp-json\/wp\/v2\/users\/2"}],"replies":[{"embeddable":true,"href":"https:\/\/diariorepublica.com.ar\/web\/index.php\/wp-json\/wp\/v2\/comments?post=2422"}],"version-history":[{"count":1,"href":"https:\/\/diariorepublica.com.ar\/web\/index.php\/wp-json\/wp\/v2\/posts\/2422\/revisions"}],"predecessor-version":[{"id":2424,"href":"https:\/\/diariorepublica.com.ar\/web\/index.php\/wp-json\/wp\/v2\/posts\/2422\/revisions\/2424"}],"wp:featuredmedia":[{"embeddable":true,"href":"https:\/\/diariorepublica.com.ar\/web\/index.php\/wp-json\/wp\/v2\/media\/2423"}],"wp:attachment":[{"href":"https:\/\/diariorepublica.com.ar\/web\/index.php\/wp-json\/wp\/v2\/media?parent=2422"}],"wp:term":[{"taxonomy":"category","embeddable":true,"href":"https:\/\/diariorepublica.com.ar\/web\/index.php\/wp-json\/wp\/v2\/categories?post=2422"},{"taxonomy":"post_tag","embeddable":true,"href":"https:\/\/diariorepublica.com.ar\/web\/index.php\/wp-json\/wp\/v2\/tags?post=2422"}],"curies":[{"name":"wp","href":"https:\/\/api.w.org\/{rel}","templated":true}]}}