{"id":24272,"date":"2025-06-11T08:05:12","date_gmt":"2025-06-11T11:05:12","guid":{"rendered":"https:\/\/diariorepublica.com.ar\/web\/?p=24272"},"modified":"2025-06-11T08:05:13","modified_gmt":"2025-06-11T11:05:13","slug":"alerta-amarilla-por-viento-en-catamarca-zonas-afectadas","status":"publish","type":"post","link":"https:\/\/diariorepublica.com.ar\/web\/index.php\/locales\/2025\/06\/11\/alerta-amarilla-por-viento-en-catamarca-zonas-afectadas\/","title":{"rendered":"Alerta Amarilla por viento en Catamarca: zonas afectadas"},"content":{"rendered":"<p>El Servicio Meteorol\u00f3gico Nacional\u00a0 una alerta meteorol\u00f3gica de orden amarillo por viento para varios sectores de nuestra provincia.<\/p>\n<p>Seg\u00fan el organismo nacional durante horas de la tarde y noche, sectores de Catamarca \u00a0ser\u00e1n afectados por vientos del sector Norte con velocidades entre 30 y 50 km\/h, incluyendo a su vez r\u00e1fagas que podr\u00edan superar los 70 km\/h.<\/p>\n<p>El impacto de este fen\u00f3meno se har\u00e1 notar en espec\u00edfico en Ambato, Ancasti, Capay\u00e1n, Capital, El Alto, Fray Mamerto Esqui\u00fa, La Paz, Pacl\u00edn, Santa Rosa, Valle Viejo y Zona Serrana de Pom\u00e1n.<\/p>\n<p>El fuerte viento se mantendr\u00e1 durante el jueves, extendi\u00e9ndose, seg\u00fan el SMN hasta avanzada la tarde de la jornada de ma\u00f1ana.<\/p>\n","protected":false},"excerpt":{"rendered":"<p>El Servicio Meteorol\u00f3gico Nacional\u00a0 una alerta meteorol\u00f3gica de orden amarillo por viento para varios sectores de nuestra provincia. Seg\u00fan el<\/p>\n","protected":false},"author":1,"featured_media":24273,"comment_status":"closed","ping_status":"closed","sticky":false,"template":"","format":"standard","meta":{"footnotes":"","jetpack_publicize_message":"","jetpack_publicize_feature_enabled":true,"jetpack_social_post_already_shared":true,"jetpack_social_options":{"image_generator_settings":{"template":"highway","enabled":false},"version":2}},"categories":[2],"tags":[],"class_list":["post-24272","post","type-post","status-publish","format-standard","has-post-thumbnail","hentry","category-locales"],"jetpack_publicize_connections":[],"_links":{"self":[{"href":"https:\/\/diariorepublica.com.ar\/web\/index.php\/wp-json\/wp\/v2\/posts\/24272"}],"collection":[{"href":"https:\/\/diariorepublica.com.ar\/web\/index.php\/wp-json\/wp\/v2\/posts"}],"about":[{"href":"https:\/\/diariorepublica.com.ar\/web\/index.php\/wp-json\/wp\/v2\/types\/post"}],"author":[{"embeddable":true,"href":"https:\/\/diariorepublica.com.ar\/web\/index.php\/wp-json\/wp\/v2\/users\/1"}],"replies":[{"embeddable":true,"href":"https:\/\/diariorepublica.com.ar\/web\/index.php\/wp-json\/wp\/v2\/comments?post=24272"}],"version-history":[{"count":1,"href":"https:\/\/diariorepublica.com.ar\/web\/index.php\/wp-json\/wp\/v2\/posts\/24272\/revisions"}],"predecessor-version":[{"id":24274,"href":"https:\/\/diariorepublica.com.ar\/web\/index.php\/wp-json\/wp\/v2\/posts\/24272\/revisions\/24274"}],"wp:featuredmedia":[{"embeddable":true,"href":"https:\/\/diariorepublica.com.ar\/web\/index.php\/wp-json\/wp\/v2\/media\/24273"}],"wp:attachment":[{"href":"https:\/\/diariorepublica.com.ar\/web\/index.php\/wp-json\/wp\/v2\/media?parent=24272"}],"wp:term":[{"taxonomy":"category","embeddable":true,"href":"https:\/\/diariorepublica.com.ar\/web\/index.php\/wp-json\/wp\/v2\/categories?post=24272"},{"taxonomy":"post_tag","embeddable":true,"href":"https:\/\/diariorepublica.com.ar\/web\/index.php\/wp-json\/wp\/v2\/tags?post=24272"}],"curies":[{"name":"wp","href":"https:\/\/api.w.org\/{rel}","templated":true}]}}