{"id":24286,"date":"2025-06-11T07:25:00","date_gmt":"2025-06-11T10:25:00","guid":{"rendered":"https:\/\/diariorepublica.com.ar\/web\/?p=24286"},"modified":"2025-06-11T08:29:06","modified_gmt":"2025-06-11T11:29:06","slug":"militantes-kirchneristas-irrumpieron-en-el-edificio-de-tn-y-canal-13-tras-la-condena-firme-a-cristina-kirchner","status":"publish","type":"post","link":"https:\/\/diariorepublica.com.ar\/web\/index.php\/nacionales\/2025\/06\/11\/militantes-kirchneristas-irrumpieron-en-el-edificio-de-tn-y-canal-13-tras-la-condena-firme-a-cristina-kirchner\/","title":{"rendered":"Militantes kirchneristas irrumpieron en el edificio de TN y Canal 13 tras la condena firme a Cristina Kirchner"},"content":{"rendered":"<p>Horas despu\u00e9s de que la\u00a0<a href=\"https:\/\/noticiasargentinas.com\/politica\/--cristina-kirchner-presa-por-el-fallo-de-la-corte-suprema-en-vivo--minuto-a-minuto-de-las-reacciones_a68480ddb315d0484851d7603\"><strong>Corte Suprema<\/strong>\u00a0ratificara la condena a\u00a0<strong>Cristina Fern\u00e1ndez de Kirchner<\/strong>\u00a0<\/a>en la causa Vialidad, un grupo de manifestantes identificados con banderas y c\u00e1nticos kirchneristas\u00a0<strong>irrumpi\u00f3 por la fuerza en las instalaciones de ARTEAR<\/strong>, donde funcionan\u00a0<strong>TN y Canal 13<\/strong>, a pocas cuadras del domicilio de la ex mandataria en el barrio Constituci\u00f3n.<\/p>\n<p>Seg\u00fan pudo constatar\u00a0<strong>Noticias Argentinas,<\/strong>\u00a0los militantes\u00a0<strong>forzaron la entrada sobre la calle Lima<\/strong>, superaron al personal de seguridad y provocaron\u00a0<strong>destrozos en autom\u00f3viles, vidrios, televisores y frentes vidriados<\/strong>. Tambi\u00e9n arrojaron piedras contra las vitrinas del edificio.<\/p>\n<p>La\u00a0<strong>Asociaci\u00f3n de Entidades Period\u00edsticas Argentinas (ADEPA)<\/strong>\u00a0repudi\u00f3 el ataque y exigi\u00f3\u00a0<strong>\u201cuna urgente investigaci\u00f3n y sanci\u00f3n a los responsables\u201d<\/strong>, adem\u00e1s de reclamar mayores medidas de protecci\u00f3n para medios y periodistas.<\/p>\n<figure class=\"multimedia\" data-html=\"\" data-tadevel-template=\"web\/multimedia\" data-type=\"rich\" data-url=\"https:\/\/twitter.com\/Adepargentina\/status\/1932593978425131044\">\n<div class=\"content\"><iframe src=\"https:\/\/alpha-app.tadevel-cdn.com\/hostname\/noticiasargentinas.com\/api\/v1\/sandbox\/PGJsb2NrcXVvdGUgY2xhc3M9InR3aXR0ZXItdHdlZXQiPjxwIGxhbmc9ImVzIiBkaXI9Imx0ciI%2BUmVwdWRpYW1vcyBlbmbDoXRpY2FtZW50ZSBlbCBhY2Npb25hciBkZSBsb3MgbWFuaWZlc3RhbnRlcyBxdWUgaW5ncmVzYXJvbiBhIGxhcyBpbnN0YWxhY2lvbmVzIGRlbCBjYW5hbCA8YSBocmVmPSJodHRwczovL3R3aXR0ZXIuY29tL3RvZG9ub3RpY2lhcz9yZWZfc3JjPXR3c3JjJTVFdGZ3Ij5AdG9kb25vdGljaWFzPC9hPiBwYXJhIHByb3ZvY2FyIGRlc3Ryb3pvcy4gPGJyPjxicj5TZSBpbXBvbmUgdW5hIHVyZ2VudGUgaW52ZXN0aWdhY2nDs24geSBzYW5jacOzbiBhIGxvcyByZXNwb25zYWJsZXMuIFkgcmVxdWVyaW1vcyByZWZvcnphciBsYSBwcm90ZWNjacOzbiB5IHNlZ3VyaWRhZCBkZSBsb3MgbWVkaW9zIGRl4oCmPC9wPiZtZGFzaDsgQURFUEEgKEBBZGVwYXJnZW50aW5hKSA8YSBocmVmPSJodHRwczovL3R3aXR0ZXIuY29tL0FkZXBhcmdlbnRpbmEvc3RhdHVzLzE5MzI1OTM5Nzg0MjUxMzEwNDQ%2FcmVmX3NyYz10d3NyYyU1RXRmdyI%2BSnVuZSAxMSwgMjAyNTwvYT48L2Jsb2NrcXVvdGU%2BCjxzY3JpcHQgYXN5bmMgc3JjPSJodHRwczovL3BsYXRmb3JtLnR3aXR0ZXIuY29tL3dpZGdldHMuanMiIGNoYXJzZXQ9InV0Zi04Ij48L3NjcmlwdD4KCg%3D%3D?v=375058e54b46f1d4c0c0dbeea6d1098b&amp;s=b336da22572af127be203504a9d15fca\" scrolling=\"no\" sandbox=\"allow-scripts allow-forms allow-same-origin allow-popups allow-popups-to-escape-sandbox\" data-mce-fragment=\"1\"><\/iframe><\/div><figcaption class=\"caption\">\n<div class=\"description\">X de ADEPA<\/div>\n<div class=\"attribution\"><\/div>\n<\/figcaption><\/figure>\n<p>El episodio se produjo despu\u00e9s de que la Corte confirmara la pena de\u00a0<strong>seis a\u00f1os de prisi\u00f3n<\/strong>\u00a0e\u00a0<strong>inhabilitaci\u00f3n perpetua<\/strong>\u00a0contra Fern\u00e1ndez de Kirchner por administraci\u00f3n fraudulenta en la obra p\u00fablica de Santa Cruz, dejando firme la sentencia y afectando su candidatura legislativa en la provincia de Buenos Aires.<\/p>\n<p>La Polic\u00eda de la Ciudad mont\u00f3 un operativo en la zona y trabajaba en la identificaci\u00f3n de los agresores mediante c\u00e1maras de seguridad.<\/p>\n<p><iframe id=\"twitter-widget-1\" class=\"\" title=\"X Post\" src=\"https:\/\/platform.twitter.com\/embed\/Tweet.html?creatorScreenName=cronicacrd%20&amp;dnt=false&amp;embedId=twitter-widget-1&amp;features=eyJ0ZndfdGltZWxpbmVfbGlzdCI6eyJidWNrZXQiOltdLCJ2ZXJzaW9uIjpudWxsfSwidGZ3X2ZvbGxvd2VyX2NvdW50X3N1bnNldCI6eyJidWNrZXQiOnRydWUsInZlcnNpb24iOm51bGx9LCJ0ZndfdHdlZXRfZWRpdF9iYWNrZW5kIjp7ImJ1Y2tldCI6Im9uIiwidmVyc2lvbiI6bnVsbH0sInRmd19yZWZzcmNfc2Vzc2lvbiI6eyJidWNrZXQiOiJvbiIsInZlcnNpb24iOm51bGx9LCJ0ZndfZm9zbnJfc29mdF9pbnRlcnZlbnRpb25zX2VuYWJsZWQiOnsiYnVja2V0Ijoib24iLCJ2ZXJzaW9uIjpudWxsfSwidGZ3X21peGVkX21lZGlhXzE1ODk3Ijp7ImJ1Y2tldCI6InRyZWF0bWVudCIsInZlcnNpb24iOm51bGx9LCJ0ZndfZXhwZXJpbWVudHNfY29va2llX2V4cGlyYXRpb24iOnsiYnVja2V0IjoxMjA5NjAwLCJ2ZXJzaW9uIjpudWxsfSwidGZ3X3Nob3dfYmlyZHdhdGNoX3Bpdm90c19lbmFibGVkIjp7ImJ1Y2tldCI6Im9uIiwidmVyc2lvbiI6bnVsbH0sInRmd19kdXBsaWNhdGVfc2NyaWJlc190b19zZXR0aW5ncyI6eyJidWNrZXQiOiJvbiIsInZlcnNpb24iOm51bGx9LCJ0ZndfdXNlX3Byb2ZpbGVfaW1hZ2Vfc2hhcGVfZW5hYmxlZCI6eyJidWNrZXQiOiJvbiIsInZlcnNpb24iOm51bGx9LCJ0ZndfdmlkZW9faGxzX2R5bmFtaWNfbWFuaWZlc3RzXzE1MDgyIjp7ImJ1Y2tldCI6InRydWVfYml0cmF0ZSIsInZlcnNpb24iOm51bGx9LCJ0ZndfbGVnYWN5X3RpbWVsaW5lX3N1bnNldCI6eyJidWNrZXQiOnRydWUsInZlcnNpb24iOm51bGx9LCJ0ZndfdHdlZXRfZWRpdF9mcm9udGVuZCI6eyJidWNrZXQiOiJvbiIsInZlcnNpb24iOm51bGx9fQ%3D%3D&amp;frame=false&amp;hideCard=false&amp;hideThread=false&amp;id=1932613090295591070&amp;lang=es&amp;origin=https%3A%2F%2Fwww.diariocronica.com.ar%2Fnoticias%2F2025%2F06%2F10%2F118680-militantes-kirchneristas-irrumpieron-en-el-edificio-de-tn-y-canal-13-tras-la-condena-firme-a-cristina-kirchner&amp;sessionId=813241783da94288a36934001734b95d08e1cee6&amp;siteScreenName=cronicacrd%20&amp;theme=light&amp;widgetsVersion=2615f7e52b7e0%3A1702314776716&amp;width=550px\" frameborder=\"0\" scrolling=\"no\" allowfullscreen=\"allowfullscreen\" data-tweet-id=\"1932613090295591070\"><\/iframe><\/p>\n","protected":false},"excerpt":{"rendered":"<p>Horas despu\u00e9s de que la\u00a0Corte Suprema\u00a0ratificara la condena a\u00a0Cristina Fern\u00e1ndez de Kirchner\u00a0en la causa Vialidad, un grupo de manifestantes identificados<\/p>\n","protected":false},"author":1,"featured_media":24287,"comment_status":"closed","ping_status":"closed","sticky":false,"template":"","format":"standard","meta":{"footnotes":"","jetpack_publicize_message":"","jetpack_publicize_feature_enabled":true,"jetpack_social_post_already_shared":true,"jetpack_social_options":{"image_generator_settings":{"template":"highway","enabled":false},"version":2}},"categories":[4],"tags":[],"class_list":["post-24286","post","type-post","status-publish","format-standard","has-post-thumbnail","hentry","category-nacionales"],"jetpack_publicize_connections":[],"_links":{"self":[{"href":"https:\/\/diariorepublica.com.ar\/web\/index.php\/wp-json\/wp\/v2\/posts\/24286"}],"collection":[{"href":"https:\/\/diariorepublica.com.ar\/web\/index.php\/wp-json\/wp\/v2\/posts"}],"about":[{"href":"https:\/\/diariorepublica.com.ar\/web\/index.php\/wp-json\/wp\/v2\/types\/post"}],"author":[{"embeddable":true,"href":"https:\/\/diariorepublica.com.ar\/web\/index.php\/wp-json\/wp\/v2\/users\/1"}],"replies":[{"embeddable":true,"href":"https:\/\/diariorepublica.com.ar\/web\/index.php\/wp-json\/wp\/v2\/comments?post=24286"}],"version-history":[{"count":1,"href":"https:\/\/diariorepublica.com.ar\/web\/index.php\/wp-json\/wp\/v2\/posts\/24286\/revisions"}],"predecessor-version":[{"id":24288,"href":"https:\/\/diariorepublica.com.ar\/web\/index.php\/wp-json\/wp\/v2\/posts\/24286\/revisions\/24288"}],"wp:featuredmedia":[{"embeddable":true,"href":"https:\/\/diariorepublica.com.ar\/web\/index.php\/wp-json\/wp\/v2\/media\/24287"}],"wp:attachment":[{"href":"https:\/\/diariorepublica.com.ar\/web\/index.php\/wp-json\/wp\/v2\/media?parent=24286"}],"wp:term":[{"taxonomy":"category","embeddable":true,"href":"https:\/\/diariorepublica.com.ar\/web\/index.php\/wp-json\/wp\/v2\/categories?post=24286"},{"taxonomy":"post_tag","embeddable":true,"href":"https:\/\/diariorepublica.com.ar\/web\/index.php\/wp-json\/wp\/v2\/tags?post=24286"}],"curies":[{"name":"wp","href":"https:\/\/api.w.org\/{rel}","templated":true}]}}