{"id":24292,"date":"2025-06-11T08:06:00","date_gmt":"2025-06-11T11:06:00","guid":{"rendered":"https:\/\/diariorepublica.com.ar\/web\/?p=24292"},"modified":"2025-06-11T08:44:31","modified_gmt":"2025-06-11T11:44:31","slug":"el-mensaje-de-jalil-y-gustavo-saadi-tras-el-fallo-contra-cfk","status":"publish","type":"post","link":"https:\/\/diariorepublica.com.ar\/web\/index.php\/politica\/2025\/06\/11\/el-mensaje-de-jalil-y-gustavo-saadi-tras-el-fallo-contra-cfk\/","title":{"rendered":"El mensaje de Jalil y Gustavo Saadi tras el fallo contra CFK"},"content":{"rendered":"<div class=\"col-md-3\">\n<div class=\"sharer\">\u00a0<\/div>\n<\/div>\n<div class=\"col-md-9\">\n<article class=\"nota\">\n<p>El gobernador Ra\u00fal Jalil habl\u00f3 luego de que la Corte Suprema confirmara la condena a seis a\u00f1os de prisi\u00f3n contra Cristina Kirchner por la causa Vialidad. \u00abLa situaci\u00f3n que atraviesa Cristina Fern\u00e1ndez de Kirchner trasciende lo jur\u00eddico y tiene un fuerte impacto institucional\u00bb, public\u00f3 en su cuenta de X.<\/p>\n<\/article>\n<\/div>\n\n\n<figure class=\"wp-block-embed is-type-rich is-provider-twitter wp-block-embed-twitter\"><div class=\"wp-block-embed__wrapper\">\n<blockquote class=\"twitter-tweet\" data-width=\"550\" data-dnt=\"true\"><p lang=\"es\" dir=\"ltr\">La situaci\u00f3n que atraviesa Cristina Fern\u00e1ndez de Kirchner trasciende lo jur\u00eddico y tiene un fuerte impacto institucional: excluye a una de las dirigentes con mayor representatividad del pa\u00eds de la contienda electoral y distorsiona la democracia.<\/p>&mdash; Ra\u00fal Jalil (@RaulJalil_ok) <a href=\"https:\/\/twitter.com\/RaulJalil_ok\/status\/1932560883449844126?ref_src=twsrc%5Etfw\">June 10, 2025<\/a><\/blockquote><script async src=\"https:\/\/platform.twitter.com\/widgets.js\" charset=\"utf-8\"><\/script>\n<\/div><\/figure>\n\n\n<p>Gustavo Saadi, intendente de la Capital, expres\u00f3 \u00abmi solidaridad y acompa\u00f1amiento a la expresidenta @CFKArgentina. Ante la decisi\u00f3n de la Corte y m\u00e1s all\u00e1 de las implicancias legales, nos interpela profundamente el uso de la judicializaci\u00f3n de la pol\u00edtica como v\u00eda para dirimir diferencias ideol\u00f3gicas\u00bb.<\/p>\n<p>\u00abComo intendente, mi compromiso es con la institucionalidad y el pleno funcionamiento de nuestra #democracia. Por eso, creo firmemente que las disputas pol\u00edticas deben resolverse en el \u00e1mbito del debate de ideas, el contraste de propuestas y, fundamentalmente, a trav\u00e9s del voto popular en las urnas\u00bb.<\/p>\n<p>\u00abLa persecuci\u00f3n pol\u00edtica y la proscripci\u00f3n de cualquier dirigente sea del partido que sea, s\u00f3lo profundiza la grieta y perjudica a la gente. Hoy m\u00e1s que nunca es fundamental garantizar el respeto por el debido proceso y asegurar que ning\u00fan ciudadano, sin importar su rol o pensamiento, sea objeto de uso pol\u00edtico del Poder Judicial de turno\u00bb, expres\u00f3.<\/p>","protected":false},"excerpt":{"rendered":"<p>\u00a0 El gobernador Ra\u00fal Jalil habl\u00f3 luego de que la Corte Suprema confirmara la condena a seis a\u00f1os de prisi\u00f3n<\/p>\n","protected":false},"author":1,"featured_media":24293,"comment_status":"closed","ping_status":"closed","sticky":false,"template":"","format":"standard","meta":{"footnotes":"","jetpack_publicize_message":"","jetpack_publicize_feature_enabled":true,"jetpack_social_post_already_shared":true,"jetpack_social_options":{"image_generator_settings":{"template":"highway","enabled":false},"version":2}},"categories":[12],"tags":[],"class_list":["post-24292","post","type-post","status-publish","format-standard","has-post-thumbnail","hentry","category-politica"],"jetpack_publicize_connections":[],"_links":{"self":[{"href":"https:\/\/diariorepublica.com.ar\/web\/index.php\/wp-json\/wp\/v2\/posts\/24292"}],"collection":[{"href":"https:\/\/diariorepublica.com.ar\/web\/index.php\/wp-json\/wp\/v2\/posts"}],"about":[{"href":"https:\/\/diariorepublica.com.ar\/web\/index.php\/wp-json\/wp\/v2\/types\/post"}],"author":[{"embeddable":true,"href":"https:\/\/diariorepublica.com.ar\/web\/index.php\/wp-json\/wp\/v2\/users\/1"}],"replies":[{"embeddable":true,"href":"https:\/\/diariorepublica.com.ar\/web\/index.php\/wp-json\/wp\/v2\/comments?post=24292"}],"version-history":[{"count":1,"href":"https:\/\/diariorepublica.com.ar\/web\/index.php\/wp-json\/wp\/v2\/posts\/24292\/revisions"}],"predecessor-version":[{"id":24294,"href":"https:\/\/diariorepublica.com.ar\/web\/index.php\/wp-json\/wp\/v2\/posts\/24292\/revisions\/24294"}],"wp:featuredmedia":[{"embeddable":true,"href":"https:\/\/diariorepublica.com.ar\/web\/index.php\/wp-json\/wp\/v2\/media\/24293"}],"wp:attachment":[{"href":"https:\/\/diariorepublica.com.ar\/web\/index.php\/wp-json\/wp\/v2\/media?parent=24292"}],"wp:term":[{"taxonomy":"category","embeddable":true,"href":"https:\/\/diariorepublica.com.ar\/web\/index.php\/wp-json\/wp\/v2\/categories?post=24292"},{"taxonomy":"post_tag","embeddable":true,"href":"https:\/\/diariorepublica.com.ar\/web\/index.php\/wp-json\/wp\/v2\/tags?post=24292"}],"curies":[{"name":"wp","href":"https:\/\/api.w.org\/{rel}","templated":true}]}}