{"id":2431,"date":"2023-05-04T08:21:39","date_gmt":"2023-05-04T11:21:39","guid":{"rendered":"https:\/\/diariorepublica.com.ar\/web\/?p=2431"},"modified":"2023-05-04T08:21:40","modified_gmt":"2023-05-04T11:21:40","slug":"fiestas-patronales-en-honor-de-san-isidro-labrador","status":"publish","type":"post","link":"https:\/\/diariorepublica.com.ar\/web\/index.php\/locales\/2023\/05\/04\/fiestas-patronales-en-honor-de-san-isidro-labrador\/","title":{"rendered":"Fiestas patronales en honor de San Isidro Labrador"},"content":{"rendered":"<p>Cerrando el A\u00f1o Jubilar por los 400 a\u00f1os de su canonizaci\u00f3n, entre el 6 y el 15 de mayo, se llevar\u00e1n a cabo las fiestas patronales en honor de San Isidro Labrador en la parroquia que lo tiene como Patrono en el departamento Valle Viejo.<br \/>\nDesde la comunidad parroquial dieron a conocer el programa para estas jornadas, que estar\u00e1n animadas por el lema \u201cCon San Isidro caminemos hacia el Padre buscando la santidad en familia\u201d.<\/p>\n<p>Todos los d\u00edas<br \/>\n19.00- Novena y Rosario.<br \/>\n19.30- Santa Misa.<br \/>\nVisita de la imagen de Nuestra Se\u00f1ora del Valle a las distintas comunidades del departamento.<\/p>\n<p>S\u00e1bado 6<br \/>\nVisita de Nuestra Madre a Antapoca.<br \/>\nGrupo de Oraci\u00f3n Padre P\u00edo, Comunidad de Santa Cruz.<br \/>\nSe reza por las intenciones de las Asociaciones de Jubilados y Pensionados de Valle Viejo, f\u00e1bricas y emprendimientos.<br \/>\nDomingo 7<br \/>\nVisita de Nuestra Madre a Cha\u00f1aritos.<br \/>\nLegi\u00f3n de Mar\u00eda, Comunidad de Huaycama.<br \/>\nSe reza por el personal de Guardia Urbana, Comisar\u00eda de San Isidro, Subcomisar\u00eda de Sumalao y Bomberos de Valle Viejo.<br \/>\nLunes 8<br \/>\nVisita de Nuestra Madre a Las Esquinas.<br \/>\nCatequesis y Comunidades de El Ba\u00f1ado y Antapoca.<br \/>\nSe reza por autoridades y personal del Registro Civil de Valle Viejo.<br \/>\nMartes 9<br \/>\nVisita de Nuestra Madre a Las Tejas.<br \/>\nMovimiento Puente y Comunidad de Cha\u00f1aritos.<br \/>\nSe reza por la Intendencia, Concejo Deliberante y Municipalidad de Valle Viejo.<br \/>\nMi\u00e9rcoles 10<br \/>\nVisita de Nuestra Madre a Huaycama.<br \/>\nTaller de Oraci\u00f3n y Vida.<br \/>\nCatequesis y Comunidad de Pozo El Mistol.<br \/>\nSe reza por las Postas Sanitarias y personal de Salud. ECA.<br \/>\nJueves 11<br \/>\nVisita de Nuestra a Santa Cruz.<br \/>\nCatequesis y Comunidades de Sumalao y Las Esquinas.<br \/>\nSe reza por la Escuela de Valle Viejo.<br \/>\nViernes 12<br \/>\nVisita de Nuestra Madre al Colegio Guadalupe.<br \/>\nComunidad de Las Tejas y Colegio Privado Nuestra Se\u00f1ora de Guadalupe.<br \/>\nSe reza por las autoridades y personal de Radio Valle Viejo y Radio Centro.<br \/>\nS\u00e1bado 13<br \/>\nCatequesis de la Sede Parroquial.<br \/>\nSe reza por los Agricultores de Valle Viejo y Agrupaciones Gauchas.<br \/>\nDomingo 14<br \/>\nComunidad de Palestra, Clubes del departamento Valle Viejo y Liga Chacarera de F\u00fatbol.<br \/>\nLunes 15 &#8211; San Isidro Labrador<br \/>\nEquipo de Liturgia y Comunidad de San Isidro.<br \/>\nMisa Concelebrada.<\/p>\n","protected":false},"excerpt":{"rendered":"<p>Cerrando el A\u00f1o Jubilar por los 400 a\u00f1os de su canonizaci\u00f3n, entre el 6 y el 15 de mayo, se<\/p>\n","protected":false},"author":2,"featured_media":2432,"comment_status":"closed","ping_status":"closed","sticky":false,"template":"","format":"standard","meta":{"footnotes":"","jetpack_publicize_message":"","jetpack_publicize_feature_enabled":true,"jetpack_social_post_already_shared":false,"jetpack_social_options":{"image_generator_settings":{"template":"highway","enabled":false},"version":2}},"categories":[2],"tags":[],"class_list":["post-2431","post","type-post","status-publish","format-standard","has-post-thumbnail","hentry","category-locales"],"jetpack_publicize_connections":[],"_links":{"self":[{"href":"https:\/\/diariorepublica.com.ar\/web\/index.php\/wp-json\/wp\/v2\/posts\/2431"}],"collection":[{"href":"https:\/\/diariorepublica.com.ar\/web\/index.php\/wp-json\/wp\/v2\/posts"}],"about":[{"href":"https:\/\/diariorepublica.com.ar\/web\/index.php\/wp-json\/wp\/v2\/types\/post"}],"author":[{"embeddable":true,"href":"https:\/\/diariorepublica.com.ar\/web\/index.php\/wp-json\/wp\/v2\/users\/2"}],"replies":[{"embeddable":true,"href":"https:\/\/diariorepublica.com.ar\/web\/index.php\/wp-json\/wp\/v2\/comments?post=2431"}],"version-history":[{"count":1,"href":"https:\/\/diariorepublica.com.ar\/web\/index.php\/wp-json\/wp\/v2\/posts\/2431\/revisions"}],"predecessor-version":[{"id":2433,"href":"https:\/\/diariorepublica.com.ar\/web\/index.php\/wp-json\/wp\/v2\/posts\/2431\/revisions\/2433"}],"wp:featuredmedia":[{"embeddable":true,"href":"https:\/\/diariorepublica.com.ar\/web\/index.php\/wp-json\/wp\/v2\/media\/2432"}],"wp:attachment":[{"href":"https:\/\/diariorepublica.com.ar\/web\/index.php\/wp-json\/wp\/v2\/media?parent=2431"}],"wp:term":[{"taxonomy":"category","embeddable":true,"href":"https:\/\/diariorepublica.com.ar\/web\/index.php\/wp-json\/wp\/v2\/categories?post=2431"},{"taxonomy":"post_tag","embeddable":true,"href":"https:\/\/diariorepublica.com.ar\/web\/index.php\/wp-json\/wp\/v2\/tags?post=2431"}],"curies":[{"name":"wp","href":"https:\/\/api.w.org\/{rel}","templated":true}]}}