{"id":24313,"date":"2025-06-11T15:05:00","date_gmt":"2025-06-11T18:05:00","guid":{"rendered":"https:\/\/diariorepublica.com.ar\/web\/?p=24313"},"modified":"2025-06-11T12:06:27","modified_gmt":"2025-06-11T15:06:27","slug":"con-fondos-provinciales-continuan-los-trabajos-para-finalizar-la-pavimentacion-de-la-ruta-1","status":"publish","type":"post","link":"https:\/\/diariorepublica.com.ar\/web\/index.php\/locales\/2025\/06\/11\/con-fondos-provinciales-continuan-los-trabajos-para-finalizar-la-pavimentacion-de-la-ruta-1\/","title":{"rendered":"Con fondos provinciales, contin\u00faan los trabajos para finalizar la pavimentaci\u00f3n de la Ruta 1"},"content":{"rendered":"<p>El Gobierno de Catamarca contin\u00faa con los trabajos en la obra de pavimentaci\u00f3n de Ruta Provincial N\u00b01. Con fondos propios, la provincia busca concluir esta obra clave para la conectividad del Valle Central con Aconquija.<\/p>\n<p>En este marco, el gobernador Ra\u00fal Jalil recorri\u00f3 los trabajos que se ejecutan sobre la Ruta Provincial N\u00b01, en el tramo que atraviesa Las Chacritas-Loma Larga, una zona de alta complejidad por su geograf\u00eda. Observ\u00f3 los avances en las tareas de movimiento de suelo, ensanchamiento de calzada y obras complementarias que permitir\u00e1n dejar en condiciones el camino para su posterior asfaltado, previsto para los pr\u00f3ximos meses.<\/p>\n<p>Estuvo acompa\u00f1ado por el intendente de Aconquija, Cristian Guti\u00e9rrez; el senador Horacio Guti\u00e9rrez, el vicegobernador Rub\u00e9n Dusso y el intendente de Los Varela, Patricio Villafa\u00f1ez, con quienes dialog\u00f3 sobre la importancia estrat\u00e9gica de esta obra vial para mejorar la conectividad y potenciar el desarrollo del Oeste catamarque\u00f1o.<\/p>\n<p>El jefe comunal de Aconquija expres\u00f3 su satisfacci\u00f3n ante la inminente finalizaci\u00f3n de la obra. \u201cEstamos muy contentos de que esta obra sea una realidad, queda muy poco para que se termine. Estamos felices porque falta menos para poder contar con esta Ruta 1 totalmente asfaltada\u201d.<\/p>\n<p>Por su parte, el intendente Villafa\u00f1ez destac\u00f3 la importancia de las tareas ya que la ruta en condiciones \u00f3ptimas \u201csin dudas va a ser beneficiosa para toda la jurisdicci\u00f3n, principalmente para la producci\u00f3n y el turismo\u201d.<\/p>\n","protected":false},"excerpt":{"rendered":"<p>El Gobierno de Catamarca contin\u00faa con los trabajos en la obra de pavimentaci\u00f3n de Ruta Provincial N\u00b01. Con fondos propios,<\/p>\n","protected":false},"author":1,"featured_media":24314,"comment_status":"closed","ping_status":"closed","sticky":false,"template":"","format":"standard","meta":{"footnotes":"","jetpack_publicize_message":"","jetpack_publicize_feature_enabled":true,"jetpack_social_post_already_shared":true,"jetpack_social_options":{"image_generator_settings":{"template":"highway","enabled":false},"version":2}},"categories":[2],"tags":[],"class_list":["post-24313","post","type-post","status-publish","format-standard","has-post-thumbnail","hentry","category-locales"],"jetpack_publicize_connections":[],"_links":{"self":[{"href":"https:\/\/diariorepublica.com.ar\/web\/index.php\/wp-json\/wp\/v2\/posts\/24313"}],"collection":[{"href":"https:\/\/diariorepublica.com.ar\/web\/index.php\/wp-json\/wp\/v2\/posts"}],"about":[{"href":"https:\/\/diariorepublica.com.ar\/web\/index.php\/wp-json\/wp\/v2\/types\/post"}],"author":[{"embeddable":true,"href":"https:\/\/diariorepublica.com.ar\/web\/index.php\/wp-json\/wp\/v2\/users\/1"}],"replies":[{"embeddable":true,"href":"https:\/\/diariorepublica.com.ar\/web\/index.php\/wp-json\/wp\/v2\/comments?post=24313"}],"version-history":[{"count":1,"href":"https:\/\/diariorepublica.com.ar\/web\/index.php\/wp-json\/wp\/v2\/posts\/24313\/revisions"}],"predecessor-version":[{"id":24315,"href":"https:\/\/diariorepublica.com.ar\/web\/index.php\/wp-json\/wp\/v2\/posts\/24313\/revisions\/24315"}],"wp:featuredmedia":[{"embeddable":true,"href":"https:\/\/diariorepublica.com.ar\/web\/index.php\/wp-json\/wp\/v2\/media\/24314"}],"wp:attachment":[{"href":"https:\/\/diariorepublica.com.ar\/web\/index.php\/wp-json\/wp\/v2\/media?parent=24313"}],"wp:term":[{"taxonomy":"category","embeddable":true,"href":"https:\/\/diariorepublica.com.ar\/web\/index.php\/wp-json\/wp\/v2\/categories?post=24313"},{"taxonomy":"post_tag","embeddable":true,"href":"https:\/\/diariorepublica.com.ar\/web\/index.php\/wp-json\/wp\/v2\/tags?post=24313"}],"curies":[{"name":"wp","href":"https:\/\/api.w.org\/{rel}","templated":true}]}}