{"id":24316,"date":"2025-06-11T17:06:00","date_gmt":"2025-06-11T20:06:00","guid":{"rendered":"https:\/\/diariorepublica.com.ar\/web\/?p=24316"},"modified":"2025-06-11T12:07:52","modified_gmt":"2025-06-11T15:07:52","slug":"el-gobierno-refaccionara-integralmente-la-escuela-secundaria-de-el-alamito","status":"publish","type":"post","link":"https:\/\/diariorepublica.com.ar\/web\/index.php\/locales\/2025\/06\/11\/el-gobierno-refaccionara-integralmente-la-escuela-secundaria-de-el-alamito\/","title":{"rendered":"El Gobierno refaccionar\u00e1 integralmente la Escuela Secundaria de El Alamito"},"content":{"rendered":"<p>El gobernador Ra\u00fal Jalil visit\u00f3 las instalaciones de la Escuela Secundaria N\u00b027 de El Alamito, en Aconquija, donde se realiz\u00f3 un relevamiento para dar inicio a la refacci\u00f3n general del establecimiento educativo. En su recorrido, estuvo acompa\u00f1ado por el intendente Cristian Guti\u00e9rrez y el senador Horacio Guti\u00e9rrez.<\/p>\n<p>Las obras, que se realizan con fondos provinciales, apuntan a mejorar significativamente las condiciones edilicias y la infraestructura de la escuela. Las intervenciones planificadas incluyen desde el cambio de cubierta de chapa en varios sectores y la instalaci\u00f3n de nuevas canaletas de desag\u00fces junto con desag\u00fces exteriores, hasta el reemplazo de cielorrasos en las salas principales. Adem\u00e1s, se construir\u00e1n veredas perimetrales en el sector norte, se arreglar\u00e1n las escaleras de ingreso, y se colocar\u00e1n nuevas aberturas en el sal\u00f3n principal.<\/p>\n<p>Con el fin de garantizar un entorno educativo m\u00e1s confortable, se ejecutar\u00e1 un bloque de ba\u00f1os completamente nuevo y la instalaci\u00f3n el\u00e9ctrica adaptada para calefactores, finalizando con la pintura general de todo el edificio.<\/p>\n<p>En Aconquija, el Gobierno provincial viene realizando una fuerte inversi\u00f3n en infraestructura. En la misma jornada se inaugur\u00f3 el Nodo Tecnol\u00f3gico Municipal, y se debe recordar que en el mes de enero entr\u00f3 en funcionamiento el nuevo edificio de la Escuela Primaria N\u00ba 86 \u201cJos\u00e9 Hern\u00e1ndez\u201d y el Jard\u00edn de Infantes N\u00ba 32.<\/p>\n","protected":false},"excerpt":{"rendered":"<p>El gobernador Ra\u00fal Jalil visit\u00f3 las instalaciones de la Escuela Secundaria N\u00b027 de El Alamito, en Aconquija, donde se realiz\u00f3<\/p>\n","protected":false},"author":1,"featured_media":24317,"comment_status":"closed","ping_status":"closed","sticky":false,"template":"","format":"standard","meta":{"footnotes":"","jetpack_publicize_message":"","jetpack_publicize_feature_enabled":true,"jetpack_social_post_already_shared":true,"jetpack_social_options":{"image_generator_settings":{"template":"highway","enabled":false},"version":2}},"categories":[2],"tags":[],"class_list":["post-24316","post","type-post","status-publish","format-standard","has-post-thumbnail","hentry","category-locales"],"jetpack_publicize_connections":[],"_links":{"self":[{"href":"https:\/\/diariorepublica.com.ar\/web\/index.php\/wp-json\/wp\/v2\/posts\/24316"}],"collection":[{"href":"https:\/\/diariorepublica.com.ar\/web\/index.php\/wp-json\/wp\/v2\/posts"}],"about":[{"href":"https:\/\/diariorepublica.com.ar\/web\/index.php\/wp-json\/wp\/v2\/types\/post"}],"author":[{"embeddable":true,"href":"https:\/\/diariorepublica.com.ar\/web\/index.php\/wp-json\/wp\/v2\/users\/1"}],"replies":[{"embeddable":true,"href":"https:\/\/diariorepublica.com.ar\/web\/index.php\/wp-json\/wp\/v2\/comments?post=24316"}],"version-history":[{"count":1,"href":"https:\/\/diariorepublica.com.ar\/web\/index.php\/wp-json\/wp\/v2\/posts\/24316\/revisions"}],"predecessor-version":[{"id":24318,"href":"https:\/\/diariorepublica.com.ar\/web\/index.php\/wp-json\/wp\/v2\/posts\/24316\/revisions\/24318"}],"wp:featuredmedia":[{"embeddable":true,"href":"https:\/\/diariorepublica.com.ar\/web\/index.php\/wp-json\/wp\/v2\/media\/24317"}],"wp:attachment":[{"href":"https:\/\/diariorepublica.com.ar\/web\/index.php\/wp-json\/wp\/v2\/media?parent=24316"}],"wp:term":[{"taxonomy":"category","embeddable":true,"href":"https:\/\/diariorepublica.com.ar\/web\/index.php\/wp-json\/wp\/v2\/categories?post=24316"},{"taxonomy":"post_tag","embeddable":true,"href":"https:\/\/diariorepublica.com.ar\/web\/index.php\/wp-json\/wp\/v2\/tags?post=24316"}],"curies":[{"name":"wp","href":"https:\/\/api.w.org\/{rel}","templated":true}]}}