{"id":24344,"date":"2025-06-12T00:54:00","date_gmt":"2025-06-12T03:54:00","guid":{"rendered":"https:\/\/diariorepublica.com.ar\/web\/?p=24344"},"modified":"2025-06-12T07:55:33","modified_gmt":"2025-06-12T10:55:33","slug":"maximo-kirchner-cristina-esta-muy-firme","status":"publish","type":"post","link":"https:\/\/diariorepublica.com.ar\/web\/index.php\/politica\/2025\/06\/12\/maximo-kirchner-cristina-esta-muy-firme\/","title":{"rendered":"M\u00e1ximo Kirchner: \u201cCristina est\u00e1 muy firme\u201d"},"content":{"rendered":"<p>El diputado nacional de Uni\u00f3n por la Patria\u00a0<strong>M\u00e1ximo Kirchner<\/strong>\u00a0asegur\u00f3 hoy que su madre,<strong>\u00a0Cristina Kirchner,<\/strong>\u00a0\u201cest\u00e1 muy firme\u201d pese a la orden de detenci\u00f3n ratificada por la Corte Suprema a ra\u00edz de la condena a seis a\u00f1os de prisi\u00f3n e inhabilitaci\u00f3n perpetua a ejercer cargos p\u00fablicos.<\/p>\n<p>\u201cElla est\u00e1 muy firme. Obviamente le han pasado cosas. A la residencia de Olivos entramos cuatro y nos fuimos tres\u201d, record\u00f3 el l\u00edder de La C\u00e1mpora en una entrevista al canal C5N.<\/p>\n<p>\u201c<strong>Est\u00e1 muy firme en lo pol\u00edtico.Su firmeza impidi\u00f3 que hace dos meses no hubieran dos cortesanos. Esa actitud de ella tiene consecuencias y se las cobran\u201d<\/strong>, dijo sobre el intento del Gobierno nacional de colocar a<strong>\u00a0Ariel Lijo y Manuel Garc\u00eda-Mansilla<\/strong>\u00a0en el m\u00e1ximo tribunal.<\/p>\n<p>M\u00e1ximo Kirchner remarc\u00f3 que \u201c<strong>hay un acompa\u00f1amiento de la gente a su figura porque ella tambi\u00e9n los acompa\u00f1\u00f3<\/strong>\u201d, con \u201csus aciertos y errores\u201d.<\/p>\n<p>El presidente del PJ bonaerense destac\u00f3 que \u201cCristina se fue (del poder pol\u00edtico en diciembre del 2015) con la plaza llena\u201d, algo que no sucedi\u00f3 con ning\u00fan otro presidente m\u00e1s\u00bb.<\/p>\n<p>\u201cA 10 a\u00f1os de la conclusi\u00f3n del Gobierno del 2015, hoy tiene un mont\u00f3n de gente acompa\u00f1\u00e1ndola en distintas ciudades del pa\u00eds\u201d, ponder\u00f3.<\/p>\n<p>El diputado kirchnerista compar\u00f3 la adhesi\u00f3n popular de Cristina Kirchner con la que tuvo el ex presidente\u00a0<strong>Fernando de la R\u00faa<\/strong>\u00a0en el 2001.<\/p>\n<p>\u201cLa presidenta que se va con la plaza llena de gente est\u00e1 presa y De la R\u00faa que se fue con la plaza llena de muertos no le pas\u00f3 nada\u201d, indic\u00f3.<\/p>\n<p><strong>\u00abN\u00e9stor se fue de la presidencia con 75% de imagen positiva y Cristina con una plaza llena. Eso no volvi\u00f3 a pasar.<\/strong>\u00a0Cuando el proceso se inici\u00f3 (en 2003) la casta pol\u00edtica como dice el presidente no pod\u00eda caminar por la calle\u00bb, sum\u00f3.<\/p>\n<p>Para M\u00e1ximo Kirchner, \u00abel blanco de ellos siempre es el peronismo o todo lo que huela a nacional y popular\u00bb.<\/p>\n<p>\u00ab<strong>Para Cristina quieren la supresi\u00f3n. Ya ni siquiera quieren que compita. Primero intentaron con Ficha Limpia. Tuvieron que romper el vidrio de emergencia y acudir a estos tres se\u00f1ores para garantizar los privilegios\u00bb,<\/strong>\u00a0dijo en referencia a los jueces de la Corte Suprema.<\/p>\n<p>Tras recordar que algunos de los jueces que condenaron a la ex presidenta se juntaban en la quinta del ex presidente\u00a0<strong>Mauricio Macri,<\/strong>\u00a0advirti\u00f3 que\u00a0<strong>\u201cla sociedad argentina m\u00e1s temprano que tarde reacciona\u201d.<\/strong><\/p>\n<p>A \u00a0su entender, el l\u00edder del PRO perdi\u00f3 mucho caudal electoral e influencia social.<strong>\u00a0\u201cA Macri no lo vota nadie\u201d,<\/strong>\u00a0sentenci\u00f3.<\/p>\n<p>Al respecto, rememor\u00f3 que \u201cno fue reelegido\u201d en 2019 \u201ca pesar de que le dieron 50 mil millones de d\u00f3lares del Fondo\u201d, a pesar de \u201cla persecuci\u00f3n a los opositores\u201d, del apoyo medi\u00e1tico y de \u201cun sistema judicial que hac\u00eda lo que \u00e9l dec\u00eda\u201d.<\/p>\n<p>\u201c<strong>Un burro, por eso la condena a Cristina<\/strong>\u201d, fustig\u00f3 M\u00e1ximo Kirchner, lapidario con el presidente del PRO.<\/p>\n<p>Sobre lo que deber\u00e1 afrontar Cristina Kirchner en lo inmediato, el l\u00edder camporista sostuvo que \u201cvale la pena el final, pero hay momentos en que te lo pregunt\u00e1s\u201d.<\/p>\n<p>\u201cSe entiende desde lo pol\u00edtico el miedo del sistema econ\u00f3mico a una mujer, sin jefes, independiente, y que adem\u00e1s gestiona eficientemente y lo ha demostrado\u201d, finaliz\u00f3.<\/p>\n<p>NA<\/p>\n","protected":false},"excerpt":{"rendered":"<p>El diputado nacional de Uni\u00f3n por la Patria\u00a0M\u00e1ximo Kirchner\u00a0asegur\u00f3 hoy que su madre,\u00a0Cristina Kirchner,\u00a0\u201cest\u00e1 muy firme\u201d pese a la orden<\/p>\n","protected":false},"author":1,"featured_media":24345,"comment_status":"closed","ping_status":"closed","sticky":false,"template":"","format":"standard","meta":{"footnotes":"","jetpack_publicize_message":"","jetpack_publicize_feature_enabled":true,"jetpack_social_post_already_shared":true,"jetpack_social_options":{"image_generator_settings":{"template":"highway","enabled":false},"version":2}},"categories":[12],"tags":[],"class_list":["post-24344","post","type-post","status-publish","format-standard","has-post-thumbnail","hentry","category-politica"],"jetpack_publicize_connections":[],"_links":{"self":[{"href":"https:\/\/diariorepublica.com.ar\/web\/index.php\/wp-json\/wp\/v2\/posts\/24344"}],"collection":[{"href":"https:\/\/diariorepublica.com.ar\/web\/index.php\/wp-json\/wp\/v2\/posts"}],"about":[{"href":"https:\/\/diariorepublica.com.ar\/web\/index.php\/wp-json\/wp\/v2\/types\/post"}],"author":[{"embeddable":true,"href":"https:\/\/diariorepublica.com.ar\/web\/index.php\/wp-json\/wp\/v2\/users\/1"}],"replies":[{"embeddable":true,"href":"https:\/\/diariorepublica.com.ar\/web\/index.php\/wp-json\/wp\/v2\/comments?post=24344"}],"version-history":[{"count":1,"href":"https:\/\/diariorepublica.com.ar\/web\/index.php\/wp-json\/wp\/v2\/posts\/24344\/revisions"}],"predecessor-version":[{"id":24346,"href":"https:\/\/diariorepublica.com.ar\/web\/index.php\/wp-json\/wp\/v2\/posts\/24344\/revisions\/24346"}],"wp:featuredmedia":[{"embeddable":true,"href":"https:\/\/diariorepublica.com.ar\/web\/index.php\/wp-json\/wp\/v2\/media\/24345"}],"wp:attachment":[{"href":"https:\/\/diariorepublica.com.ar\/web\/index.php\/wp-json\/wp\/v2\/media?parent=24344"}],"wp:term":[{"taxonomy":"category","embeddable":true,"href":"https:\/\/diariorepublica.com.ar\/web\/index.php\/wp-json\/wp\/v2\/categories?post=24344"},{"taxonomy":"post_tag","embeddable":true,"href":"https:\/\/diariorepublica.com.ar\/web\/index.php\/wp-json\/wp\/v2\/tags?post=24344"}],"curies":[{"name":"wp","href":"https:\/\/api.w.org\/{rel}","templated":true}]}}