{"id":24379,"date":"2025-06-13T07:47:18","date_gmt":"2025-06-13T10:47:18","guid":{"rendered":"https:\/\/diariorepublica.com.ar\/web\/?p=24379"},"modified":"2025-06-13T07:47:20","modified_gmt":"2025-06-13T10:47:20","slug":"inflacion-cuales-fueron-los-productos-y-servicios-que-mas-aumentaron","status":"publish","type":"post","link":"https:\/\/diariorepublica.com.ar\/web\/index.php\/economia\/2025\/06\/13\/inflacion-cuales-fueron-los-productos-y-servicios-que-mas-aumentaron\/","title":{"rendered":"Inflaci\u00f3n: cu\u00e1les fueron los productos y servicios que m\u00e1s aumentaron"},"content":{"rendered":"<article id=\"article-post\" class=\"first\">\n<div class=\"cuerpo\" data-twitter-link=\"https:\/\/twitter.com\/intent\/tweet?url=https:\/\/www.diariopopular.com.ar\/c847168&amp;via=poopulardiario&amp;related=Popular&amp;text=\">\n<p>La\u00a0inflaci\u00f3n de mayo fue del 1,5%, lleg\u00f3 a un 13,3% en lo que va del a\u00f1o y acumul\u00f3 un 43,5% en los \u00faltimos 12 meses, seg\u00fan los datos del\u00a0<strong>Instituto Nacional de Estad\u00edsticas y Censos (Indec).<\/strong>\u00a0De esta forma, en mayo se alcanz\u00f3 el \u00edndice de precios m\u00e1s bajo en los \u00faltimos cinco a\u00f1os.<\/p>\n<\/div>\n<\/article>\n<article id=\"article-post\">\n<div class=\"cuerpo\" data-twitter-link=\"https:\/\/twitter.com\/intent\/tweet?url=https:\/\/www.diariopopular.com.ar\/c847168&amp;via=poopulardiario&amp;related=Popular&amp;text=\">\n<p>La divisi\u00f3n de mayor aumento en el mes fue\u00a0<strong>Comunicaci\u00f3n (4,1%),<\/strong>\u00a0por subas en Servicios de telefon\u00eda e internet. Le sigui\u00f3\u00a0<strong>Restaurantes y hoteles (3%),<\/strong> por las alzas en restaurantes y comidas fuera del hogar.<\/p>\n<p>En el otro extremo, las dos divisiones que registraron las menores variaciones en mayo de 2025 con respecto al mes previo fueron\u00a0<strong>Alimentos y bebidas no alcoh\u00f3licas (0,5%) y Transporte (0,4%).<\/strong><\/p>\n<p>Entre los alimentos que m\u00e1s bajaron de precio en mayo se encuentran las verduras, como Lechuga (-25,3%), lim\u00f3n (-23%), naranja (-10,5%) y tomate redondo (-8,9%). En la divisi\u00f3n por regiones, el rubro \u201cVerduras, tub\u00e9rculos y legumbres\u201d registr\u00f3 una deflaci\u00f3n de -9,6% en el \u00faltimo a\u00f1o, frente a un aumento del 43,8% de la inflaci\u00f3n general y del 34,1% en la inflaci\u00f3n de alimentos en el mismo per\u00edodo.<\/p>\n<p>Por fuera de los estacionales, otros alimentos tambi\u00e9n registraron bajas en mayo. Es el caso de sal fina (-0,9%), galletitas de agua (-0,9%), tomate en conserva (-2,1%), vino com\u00fan (-0,5%), az\u00facar (-0,4%) y las frutas (-1,7% en promedio).<\/p>\n<p>Tambi\u00e9n influy\u00f3 positivamente en la baja de la inflaci\u00f3n la menor variaci\u00f3n de combustibles, tarifas y contribuy\u00f3 la nueva celebraci\u00f3n del Hot Sale.<\/p>\n<p>En el mes de mayo, la menor volatilidad del d\u00f3lar tras la flexibilizaci\u00f3n del cepo influy\u00f3 positivamente en el dato. Es que, la divisa solo subi\u00f3 1,5% el mes pasado.<\/p>\n<p>\u201cLa divisi\u00f3n con mayor incidencia en las regiones GBA, Pampeana y Cuyo fue Restaurantes y hoteles (3,0%). En cambio, en Noreste y Noroeste la mayor incidencia se registr\u00f3 en Alimentos y bebidas no alcoh\u00f3licas (0,5%), mientras que en Patagonia fue Vivienda, agua, electricidad, gas y otros combustibles (2,4%)\u201d, agreg\u00f3.<\/p>\n<p>\u201cA nivel de las categor\u00edas, los bienes y servicios en el IPC n\u00facleo (2,2%) lideraron el incremento, seguidos de los precios Regulados (1,3%) y los Estacionales (-2,7%)\u201d, dijo el Indec.<\/p>\n<div id=\"751120-Libre-888312510_wrap\" class=\"embed_cont type_imagen\" contenteditable=\"false\">\n<div id=\"751120-Libre-888312510_content\" class=\"embed_content\"><img decoding=\"async\" id=\"751120-Libre-888312510_embed\" title=\"Indec: inflaci\u00f3n de mayo. \" src=\"https:\/\/media.diariopopular.com.ar\/p\/e27d04231431675a630f8b1715327a28\/adjuntos\/143\/imagenes\/008\/195\/0008195291\/1140x0\/smart\/imagepng.png\" alt=\"Indec: inflaci\u00f3n de mayo. \" width=\"1140\" height=\"undefined\" longdesc=\"https:\/\/media.diariopopular.com.ar\/p\/e27d04231431675a630f8b1715327a28\/adjuntos\/143\/imagenes\/008\/195\/0008195291\/1140x0\/smart\/imagepng.png\" \/><\/div>\n<div id=\"751120-Libre-888312510_epigrafe\" class=\"embed_epigrafe\">\n<p>Indec: inflaci\u00f3n de mayo.<\/p>\n<\/div>\n<\/div>\n<\/div>\n<\/article>\n","protected":false},"excerpt":{"rendered":"<p>La\u00a0inflaci\u00f3n de mayo fue del 1,5%, lleg\u00f3 a un 13,3% en lo que va del a\u00f1o y acumul\u00f3 un 43,5%<\/p>\n","protected":false},"author":1,"featured_media":24380,"comment_status":"closed","ping_status":"closed","sticky":false,"template":"","format":"standard","meta":{"footnotes":"","jetpack_publicize_message":"","jetpack_publicize_feature_enabled":true,"jetpack_social_post_already_shared":true,"jetpack_social_options":{"image_generator_settings":{"template":"highway","enabled":false},"version":2}},"categories":[5],"tags":[],"class_list":["post-24379","post","type-post","status-publish","format-standard","has-post-thumbnail","hentry","category-economia"],"jetpack_publicize_connections":[],"_links":{"self":[{"href":"https:\/\/diariorepublica.com.ar\/web\/index.php\/wp-json\/wp\/v2\/posts\/24379"}],"collection":[{"href":"https:\/\/diariorepublica.com.ar\/web\/index.php\/wp-json\/wp\/v2\/posts"}],"about":[{"href":"https:\/\/diariorepublica.com.ar\/web\/index.php\/wp-json\/wp\/v2\/types\/post"}],"author":[{"embeddable":true,"href":"https:\/\/diariorepublica.com.ar\/web\/index.php\/wp-json\/wp\/v2\/users\/1"}],"replies":[{"embeddable":true,"href":"https:\/\/diariorepublica.com.ar\/web\/index.php\/wp-json\/wp\/v2\/comments?post=24379"}],"version-history":[{"count":1,"href":"https:\/\/diariorepublica.com.ar\/web\/index.php\/wp-json\/wp\/v2\/posts\/24379\/revisions"}],"predecessor-version":[{"id":24381,"href":"https:\/\/diariorepublica.com.ar\/web\/index.php\/wp-json\/wp\/v2\/posts\/24379\/revisions\/24381"}],"wp:featuredmedia":[{"embeddable":true,"href":"https:\/\/diariorepublica.com.ar\/web\/index.php\/wp-json\/wp\/v2\/media\/24380"}],"wp:attachment":[{"href":"https:\/\/diariorepublica.com.ar\/web\/index.php\/wp-json\/wp\/v2\/media?parent=24379"}],"wp:term":[{"taxonomy":"category","embeddable":true,"href":"https:\/\/diariorepublica.com.ar\/web\/index.php\/wp-json\/wp\/v2\/categories?post=24379"},{"taxonomy":"post_tag","embeddable":true,"href":"https:\/\/diariorepublica.com.ar\/web\/index.php\/wp-json\/wp\/v2\/tags?post=24379"}],"curies":[{"name":"wp","href":"https:\/\/api.w.org\/{rel}","templated":true}]}}