{"id":24391,"date":"2025-06-17T07:45:54","date_gmt":"2025-06-17T10:45:54","guid":{"rendered":"https:\/\/diariorepublica.com.ar\/web\/?p=24391"},"modified":"2025-06-17T07:45:55","modified_gmt":"2025-06-17T10:45:55","slug":"el-gobierno-nacional-oficializo-una-serie-de-reformas-en-la-policia-federal","status":"publish","type":"post","link":"https:\/\/diariorepublica.com.ar\/web\/index.php\/nacionales\/2025\/06\/17\/el-gobierno-nacional-oficializo-una-serie-de-reformas-en-la-policia-federal\/","title":{"rendered":"El Gobierno nacional oficializ\u00f3 una serie de reformas en la Polic\u00eda Federal"},"content":{"rendered":"<p>El Gobierno nacional oficializ\u00f3 este martes una profunda\u00a0<strong>reforma en la estructura y funciones de la\u00a0<\/strong>Polic\u00eda Federal Argentina\u00a0<strong>(PFA),\u00a0<\/strong>mediante el Decreto 383\/2025, que fue publicado en el Bolet\u00edn Oficial.<\/p>\n<p>La medida busca que ahora la misi\u00f3n de las fuerzas sea prevenir, detectar e investigar\u00a0<strong>delitos federales y complejos<\/strong>, y colaborar en la\u00a0<strong>desarticulaci\u00f3n de organizaciones criminales<\/strong>.<\/p>\n<article class=\"article-body par-3\">\n<div class=\"article-content\">\n<div class=\"news-body-paragraph\" data-twitter-link=\"\">\n<p data-start=\"651\" data-end=\"1075\">Seg\u00fan el texto publicado en el Bolet\u00edn Oficial, la medida busca \u201creorientar la misi\u00f3n de la instituci\u00f3n hacia una polic\u00eda de investigaci\u00f3n enfocada en cierto tipo de delitos\u201d.<\/p>\n<\/div>\n<\/div>\n<\/article>\n<article class=\"article-body par-4\">\n<div class=\"article-content\">\n<div class=\"news-body-paragraph\" data-twitter-link=\"\">\n<p data-start=\"1077\" data-end=\"1486\">Uno de los cambios centrales es la<strong>\u00a0eliminaci\u00f3n de las funciones de seguridad local en la Ciudad Aut\u00f3noma de Buenos Aires.\u00a0<\/strong>\u201cSe derogan las funciones y atribuciones relacionadas con la seguridad local de la Ciudad Aut\u00f3noma de Buenos Aires\u201d, indica la normativa, que tambi\u00e9n plantea una actualizaci\u00f3n de la estructura org\u00e1nica para que sea \u201cm\u00e1s eficiente, reducida y pueda responder mejor a su principal misi\u00f3n\u201d.<\/p>\n<\/div>\n<\/div>\n<\/article>\n<article class=\"article-body par-5\">\n<div class=\"article-content\">\n<div class=\"news-body-paragraph\" data-twitter-link=\"\">\n<p data-start=\"1488\" data-end=\"1791\">Adem\u00e1s, se crea el\u00a0<strong>Programa Presupuestario de \u201cModernizaci\u00f3n de la Polic\u00eda Federal Argentina\u201d,\u00a0<\/strong>que depender\u00e1 del Ministerio de Seguridad Nacional y ser\u00e1 financiado con el ahorro que surja de la reducci\u00f3n de nuevos ingresantes. El fondo estar\u00e1 destinado a inversiones en bienes y soluciones tecnol\u00f3gicas.<\/p>\n<p data-start=\"1793\" data-end=\"2176\">El documento se\u00f1ala tambi\u00e9n que e<strong>l Ministerio deber\u00e1 establecer un nuevo modelo de ingreso y formaci\u00f3n:\u00a0<\/strong>\u201cSe crea un programa de ingreso y formaci\u00f3n de universitarios ya graduados, una pr\u00e1ctica que es com\u00fan en polic\u00edas de investigaci\u00f3n de otros pa\u00edses, y en algunos casos es un requisito excluyente, como por ejemplo en el Federal Bureau of Investigation (FBI) de los Estados Unidos\u201d.<\/p>\n<p data-start=\"1793\" data-end=\"2176\">El decreto establece varios objetivos estrat\u00e9gicos, entre ellos \u201cactualizar las facultades y estructura organizativa de la Fuerza\u201d, \u201cfortalecer el sistema de recursos humanos\u201d y \u201cmodernizar protocolos, procesos y mecanismos de articulaci\u00f3n, en particular los referentes a investigaci\u00f3n\u201d. Tambi\u00e9n se buscar\u00e1 \u201cadquirir y utilizar en forma efectiva las Tecnolog\u00edas de la Informaci\u00f3n y Comunicaci\u00f3n y Tecnolog\u00eda Forense\u201d.<\/p>\n<p data-start=\"2597\" data-end=\"2880\">Por otra parte, el\u00a0Ministerio de Seguridad\u00a0fue instruido a establecer un cronograma de reducci\u00f3n del ingreso de\u00a0<strong>suboficiales:<\/strong>\u00a0\u201cLa cantidad m\u00e1xima de suboficiales a incorporar anualmente no podr\u00e1 superar la de los ya incorporados en el a\u00f1o 2025 y deber\u00e1 ser reducida progresivamente\u201d.<\/p>\n<p data-start=\"2882\" data-end=\"3048\">Asimismo, se habilita el pase del personal del Escalaf\u00f3n de Suboficiales al Escalaf\u00f3n de Oficiales \u201cen tanto su conocimiento, estudios o experiencia as\u00ed lo ameriten\u201d.<\/p>\n<p data-start=\"3050\" data-end=\"3260\">Seg\u00fan fuentes oficiales, este martes por la tarde Milei y Bullrich ofrecer\u00e1n una conferencia de prensa para explicar los alcances de la reforma en la sede de la Polic\u00eda Montada, en el barrio porte\u00f1o de Palermo.<\/p>\n<\/div>\n<\/div>\n<\/article>\n","protected":false},"excerpt":{"rendered":"<p>El Gobierno nacional oficializ\u00f3 este martes una profunda\u00a0reforma en la estructura y funciones de la\u00a0Polic\u00eda Federal Argentina\u00a0(PFA),\u00a0mediante el Decreto 383\/2025,<\/p>\n","protected":false},"author":1,"featured_media":24392,"comment_status":"closed","ping_status":"closed","sticky":false,"template":"","format":"standard","meta":{"footnotes":"","jetpack_publicize_message":"","jetpack_publicize_feature_enabled":true,"jetpack_social_post_already_shared":true,"jetpack_social_options":{"image_generator_settings":{"template":"highway","enabled":false},"version":2}},"categories":[4],"tags":[],"class_list":["post-24391","post","type-post","status-publish","format-standard","has-post-thumbnail","hentry","category-nacionales"],"jetpack_publicize_connections":[],"_links":{"self":[{"href":"https:\/\/diariorepublica.com.ar\/web\/index.php\/wp-json\/wp\/v2\/posts\/24391"}],"collection":[{"href":"https:\/\/diariorepublica.com.ar\/web\/index.php\/wp-json\/wp\/v2\/posts"}],"about":[{"href":"https:\/\/diariorepublica.com.ar\/web\/index.php\/wp-json\/wp\/v2\/types\/post"}],"author":[{"embeddable":true,"href":"https:\/\/diariorepublica.com.ar\/web\/index.php\/wp-json\/wp\/v2\/users\/1"}],"replies":[{"embeddable":true,"href":"https:\/\/diariorepublica.com.ar\/web\/index.php\/wp-json\/wp\/v2\/comments?post=24391"}],"version-history":[{"count":1,"href":"https:\/\/diariorepublica.com.ar\/web\/index.php\/wp-json\/wp\/v2\/posts\/24391\/revisions"}],"predecessor-version":[{"id":24393,"href":"https:\/\/diariorepublica.com.ar\/web\/index.php\/wp-json\/wp\/v2\/posts\/24391\/revisions\/24393"}],"wp:featuredmedia":[{"embeddable":true,"href":"https:\/\/diariorepublica.com.ar\/web\/index.php\/wp-json\/wp\/v2\/media\/24392"}],"wp:attachment":[{"href":"https:\/\/diariorepublica.com.ar\/web\/index.php\/wp-json\/wp\/v2\/media?parent=24391"}],"wp:term":[{"taxonomy":"category","embeddable":true,"href":"https:\/\/diariorepublica.com.ar\/web\/index.php\/wp-json\/wp\/v2\/categories?post=24391"},{"taxonomy":"post_tag","embeddable":true,"href":"https:\/\/diariorepublica.com.ar\/web\/index.php\/wp-json\/wp\/v2\/tags?post=24391"}],"curies":[{"name":"wp","href":"https:\/\/api.w.org\/{rel}","templated":true}]}}