{"id":24397,"date":"2025-06-17T05:47:00","date_gmt":"2025-06-17T08:47:00","guid":{"rendered":"https:\/\/diariorepublica.com.ar\/web\/?p=24397"},"modified":"2025-06-17T07:48:36","modified_gmt":"2025-06-17T10:48:36","slug":"boca-empato-2-a-2-con-benfica-en-su-debut-en-el-mundial-de-clubes","status":"publish","type":"post","link":"https:\/\/diariorepublica.com.ar\/web\/index.php\/deportes\/2025\/06\/17\/boca-empato-2-a-2-con-benfica-en-su-debut-en-el-mundial-de-clubes\/","title":{"rendered":"Boca empat\u00f3 2 a 2 con Benfica en su debut en el Mundial de Clubes"},"content":{"rendered":"<article id=\"article-post\" class=\"first\">\n<div class=\"cuerpo\" data-twitter-link=\"https:\/\/twitter.com\/intent\/tweet?url=https:\/\/www.diariopopular.com.ar\/c847637&amp;via=poopulardiario&amp;related=Popular&amp;text=\">\n<p><strong>Boca empat\u00f3 2 a 2 con Benfica en un gran debut en el Mundial de Clubes, que qued\u00f3 con sabor amargo porque ganaba 2 a 0 y, al final, no pudo mantener la ventaja.\u00a0<\/strong>El Xeneize sorprendi\u00f3 al conjunto portugu\u00e9s y se impon\u00eda con tantos de\u00a0<strong>Miguel Merentiel y Rodrigo Battaglia<\/strong>, pero\u00a0<strong>\u00c1ngel Di Mar\u00eda -de penal- y Nicol\u00e1s Otamendi<\/strong>\u00a0empataron el encuentro, que deja suspenso para la pelea por el segundo lugar del Grupo C, ya que se cree estar\u00e1 entre ambos equipos.<\/p>\n<\/div>\n<\/article>\n<article id=\"article-post\">\n<div class=\"cuerpo\" data-twitter-link=\"https:\/\/twitter.com\/intent\/tweet?url=https:\/\/www.diariopopular.com.ar\/c847637&amp;via=poopulardiario&amp;related=Popular&amp;text=\">\n<p><strong>En el balance, Boca le jug\u00f3 de igual a igual a Benfica y demostr\u00f3 que \u00abBoca es Boca\u00bb, tal como dijo Miguel Russo en la previa:\u00a0<\/strong>la m\u00edstica est\u00e1 intacta, Boca puede estar mal, pero siempre saca pecho ante las grandes desaf\u00edos. El Xeneize, el mismo que qued\u00f3 afuera de la Copa Libertadores en la fase de repechaje con Alianza Lima en La Bombonera y fue crey\u00e9ndose inferior a River al Monumental con Fernando Gago de entrenador,\u00a0<strong>mostr\u00f3 un cambio de actitud en el estreno del tercer ciclo de Russo.<\/strong><\/p>\n<p>Tras unos primeros minutos en los que prioriz\u00f3 el orden defensivo,<strong>\u00a0se anim\u00f3 y abri\u00f3 el marcador a los 21 minutos: Lautaro Blanco pas\u00f3 a Florentino Lu\u00eds con un tremendo ca\u00f1o y mand\u00f3 un centro preciso que encontr\u00f3 a Merentiel y termin\u00f3 con el gol del uruguayo.\u00a0<\/strong>El 1-0 de Boca fue un golpazo para Benfica y el equipo argentino lo aprovech\u00f3&#8230;<\/p>\n<p><strong>Boca no se resguard\u00f3 con la ventaja, sino que fue al ataque y encontr\u00f3 m\u00e1s, el 2-0 en el marcador.\u00a0<\/strong>El Xeneize empez\u00f3 a dominar la posesi\u00f3n del partido y realiz\u00f3 un c\u00f3rner que fue letal: ejecuci\u00f3n precisa de Kevin Zen\u00f3n, cabezazo de Ayrton Costa y<strong>\u00a0segundo cabezazo de Rodrigo Battaglia, que termin\u00f3 con el bal\u00f3n en la red\u00a0<\/strong>del arco defendido por\u00a0<strong>Anatoli Trubin<\/strong>, quien le recrimin\u00f3 a los defensores por haber perdido ambos duelos.<\/p>\n<div id=\"embed6415_wrap\" class=\"embed_cont type_freetext\" contenteditable=\"false\" data-provider=\"Twitter\">\n<div id=\"embed6415_content\" class=\"embed_content\">\n<div id=\"embed6415_embed\">\n<div class=\"twitter-tweet twitter-tweet-rendered\"><iframe id=\"twitter-widget-0\" class=\"\" title=\"X Post\" src=\"https:\/\/platform.twitter.com\/embed\/Tweet.html?creatorScreenName=diariopopular&amp;dnt=false&amp;embedId=twitter-widget-0&amp;features=eyJ0ZndfdGltZWxpbmVfbGlzdCI6eyJidWNrZXQiOltdLCJ2ZXJzaW9uIjpudWxsfSwidGZ3X2ZvbGxvd2VyX2NvdW50X3N1bnNldCI6eyJidWNrZXQiOnRydWUsInZlcnNpb24iOm51bGx9LCJ0ZndfdHdlZXRfZWRpdF9iYWNrZW5kIjp7ImJ1Y2tldCI6Im9uIiwidmVyc2lvbiI6bnVsbH0sInRmd19yZWZzcmNfc2Vzc2lvbiI6eyJidWNrZXQiOiJvbiIsInZlcnNpb24iOm51bGx9LCJ0ZndfZm9zbnJfc29mdF9pbnRlcnZlbnRpb25zX2VuYWJsZWQiOnsiYnVja2V0Ijoib24iLCJ2ZXJzaW9uIjpudWxsfSwidGZ3X21peGVkX21lZGlhXzE1ODk3Ijp7ImJ1Y2tldCI6InRyZWF0bWVudCIsInZlcnNpb24iOm51bGx9LCJ0ZndfZXhwZXJpbWVudHNfY29va2llX2V4cGlyYXRpb24iOnsiYnVja2V0IjoxMjA5NjAwLCJ2ZXJzaW9uIjpudWxsfSwidGZ3X3Nob3dfYmlyZHdhdGNoX3Bpdm90c19lbmFibGVkIjp7ImJ1Y2tldCI6Im9uIiwidmVyc2lvbiI6bnVsbH0sInRmd19kdXBsaWNhdGVfc2NyaWJlc190b19zZXR0aW5ncyI6eyJidWNrZXQiOiJvbiIsInZlcnNpb24iOm51bGx9LCJ0ZndfdXNlX3Byb2ZpbGVfaW1hZ2Vfc2hhcGVfZW5hYmxlZCI6eyJidWNrZXQiOiJvbiIsInZlcnNpb24iOm51bGx9LCJ0ZndfdmlkZW9faGxzX2R5bmFtaWNfbWFuaWZlc3RzXzE1MDgyIjp7ImJ1Y2tldCI6InRydWVfYml0cmF0ZSIsInZlcnNpb24iOm51bGx9LCJ0ZndfbGVnYWN5X3RpbWVsaW5lX3N1bnNldCI6eyJidWNrZXQiOnRydWUsInZlcnNpb24iOm51bGx9LCJ0ZndfdHdlZXRfZWRpdF9mcm9udGVuZCI6eyJidWNrZXQiOiJvbiIsInZlcnNpb24iOm51bGx9fQ%3D%3D&amp;frame=false&amp;hideCard=false&amp;hideThread=false&amp;id=1934741445778231619&amp;lang=en&amp;origin=https%3A%2F%2Fwww.diariopopular.com.ar%2Ffutbol%2Fboca-empato-2-2-benfica-su-debut-el-mundial-clubes-n847637&amp;sessionId=e37c3c51e0819da7047fa54a43c090c9d86fedad&amp;siteScreenName=diariopopular&amp;theme=light&amp;widgetsVersion=2615f7e52b7e0%3A1702314776716&amp;width=550px\" frameborder=\"0\" scrolling=\"no\" allowfullscreen=\"allowfullscreen\" data-tweet-id=\"1934741445778231619\" data-gtm-yt-inspected-14=\"true\" data-mce-fragment=\"1\"><\/iframe><\/div>\n<\/div>\n<\/div>\n<div id=\"embed6415_epigrafe\" class=\"embed_epigrafe\"><\/div>\n<div id=\"embed6415_copyright\" class=\"embed_copyright\"><\/div>\n<\/div>\n<p>El equipo de Russo control\u00f3 el partido con el 2-0 en el primer tiempo hasta que, en una de las \u00faltimas jugadas de esta etapa, el \u00e1rbitro cobr\u00f3 penal para Benfica.\u00a0<strong>Carlos Palacios se llev\u00f3 por delante a Nicol\u00e1s Otamendi<\/strong>\u00a0y el defensor se qued\u00f3 en piso esperando que el VAR llame al refer\u00ed, quien en un principio no vio nada. Y lleg\u00f3 el llamado y el \u00e1rbitro cobr\u00f3 penal, que \u00c1ngel Di Mar\u00eda cambi\u00f3 por gol, enga\u00f1ando a\u00a0<strong>Agust\u00edn Marches\u00edn<\/strong>.<\/p>\n<p>Para colmo, con la decisi\u00f3n del juez de cobrar penal,\u00a0<strong>se enfureci\u00f3 Ander Herrera<\/strong>, quien estaba en el banco despu\u00e9s de salir lesionado y\u00a0<strong>se fue expulsado por protestas<\/strong>. As\u00ed, Boca se march\u00f3 2 a 1 arriba al descanso.<\/p>\n<p>Ya en el segundo tiempo, cuando el partido hab\u00eda bajado revoluciones, Benfica sorprendi\u00f3 a Boca y\u00a0<strong>marc\u00f3 el 2-2 desde un c\u00f3rner que conect\u00f3 Nicol\u00e1s Otamendi de cabeza<\/strong>.<\/p>\n<div id=\"embed97_wrap\" class=\"embed_cont type_freetext\" contenteditable=\"false\">\n<div id=\"embed97_content\" class=\"embed_content\">\n<div id=\"embed97_embed\">\n<div class=\"video_container\"><iframe loading=\"lazy\" class=\"video_iframe\" src=\"https:\/\/www.youtube.com\/embed\/dKjjckuH8Dc\" width=\"100%\" height=\"360\" frameborder=\"0\" scrolling=\"no\" data-gtm-yt-inspected-14=\"true\" data-mce-fragment=\"1\"><\/iframe><\/div>\n<\/div>\n<\/div>\n<div id=\"embed97_epigrafe\" class=\"embed_epigrafe\"><\/div>\n<div id=\"embed97_copyright\" class=\"embed_copyright\"><\/div>\n<\/div>\n<p>Como si fuera poco el golpe a la ilusi\u00f3n al pueblo xeneize, no pudo ir por la victoria en los minutos finales por\u00a0<strong>la expulsi\u00f3n de Nicol\u00e1s Figal<\/strong>, quien dio un innecesario codazo a un rival y ser\u00e1 una baja sensible para la pr\u00f3xima fecha ante\u00a0<strong>Bayern M\u00fanich<\/strong>.<\/p>\n<p>Boca empat\u00f3 2 a 2 con Benfica. El sabor es amargo, porque comenz\u00f3 ganando 2 a 0 y hubiera significado un paso enorme ganar en busca de la clasificaci\u00f3n a octavos de final del torneo. Sin embargo, fue un partidazo del Xeneize, que estuvo a la altura,\u00a0<strong>algo impensado por c\u00f3mo ven\u00eda jugando en el \u00e1mbito local<\/strong>. La llegada de Russo revitaliz\u00f3 a un plantel que pas\u00f3 del reproche al orgullo en esta primera presentaci\u00f3n por el Mundial de Clubes.<\/p>\n<\/div>\n<\/article>\n","protected":false},"excerpt":{"rendered":"<p>Boca empat\u00f3 2 a 2 con Benfica en un gran debut en el Mundial de Clubes, que qued\u00f3 con sabor<\/p>\n","protected":false},"author":1,"featured_media":24398,"comment_status":"closed","ping_status":"closed","sticky":false,"template":"","format":"standard","meta":{"footnotes":"","jetpack_publicize_message":"","jetpack_publicize_feature_enabled":true,"jetpack_social_post_already_shared":true,"jetpack_social_options":{"image_generator_settings":{"template":"highway","enabled":false},"version":2}},"categories":[9],"tags":[],"class_list":["post-24397","post","type-post","status-publish","format-standard","has-post-thumbnail","hentry","category-deportes"],"jetpack_publicize_connections":[],"_links":{"self":[{"href":"https:\/\/diariorepublica.com.ar\/web\/index.php\/wp-json\/wp\/v2\/posts\/24397"}],"collection":[{"href":"https:\/\/diariorepublica.com.ar\/web\/index.php\/wp-json\/wp\/v2\/posts"}],"about":[{"href":"https:\/\/diariorepublica.com.ar\/web\/index.php\/wp-json\/wp\/v2\/types\/post"}],"author":[{"embeddable":true,"href":"https:\/\/diariorepublica.com.ar\/web\/index.php\/wp-json\/wp\/v2\/users\/1"}],"replies":[{"embeddable":true,"href":"https:\/\/diariorepublica.com.ar\/web\/index.php\/wp-json\/wp\/v2\/comments?post=24397"}],"version-history":[{"count":1,"href":"https:\/\/diariorepublica.com.ar\/web\/index.php\/wp-json\/wp\/v2\/posts\/24397\/revisions"}],"predecessor-version":[{"id":24399,"href":"https:\/\/diariorepublica.com.ar\/web\/index.php\/wp-json\/wp\/v2\/posts\/24397\/revisions\/24399"}],"wp:featuredmedia":[{"embeddable":true,"href":"https:\/\/diariorepublica.com.ar\/web\/index.php\/wp-json\/wp\/v2\/media\/24398"}],"wp:attachment":[{"href":"https:\/\/diariorepublica.com.ar\/web\/index.php\/wp-json\/wp\/v2\/media?parent=24397"}],"wp:term":[{"taxonomy":"category","embeddable":true,"href":"https:\/\/diariorepublica.com.ar\/web\/index.php\/wp-json\/wp\/v2\/categories?post=24397"},{"taxonomy":"post_tag","embeddable":true,"href":"https:\/\/diariorepublica.com.ar\/web\/index.php\/wp-json\/wp\/v2\/tags?post=24397"}],"curies":[{"name":"wp","href":"https:\/\/api.w.org\/{rel}","templated":true}]}}