{"id":24452,"date":"2025-06-18T09:00:34","date_gmt":"2025-06-18T12:00:34","guid":{"rendered":"https:\/\/diariorepublica.com.ar\/web\/?p=24452"},"modified":"2025-06-18T09:00:37","modified_gmt":"2025-06-18T12:00:37","slug":"atacaron-el-domicilio-de-jose-luis-espert","status":"publish","type":"post","link":"https:\/\/diariorepublica.com.ar\/web\/index.php\/nacionales\/2025\/06\/18\/atacaron-el-domicilio-de-jose-luis-espert\/","title":{"rendered":"Atacaron el domicilio de Jos\u00e9 Luis Espert"},"content":{"rendered":"<p><strong>Un grupo de seis personas vandaliz\u00f3 anoche el ingreso de la vivienda del legislador libertario Jos\u00e9 Luis Espert,<\/strong>\u00a0en localidad bonaerense de San Isidro, donde esparcieron<strong>\u00a0esti\u00e9rcol<\/strong>\u00a0y adem\u00e1s dejaron un<strong>\u00a0pasacalles<\/strong>\u00a0con insultos.<\/p>\n<p>La escena qued\u00f3 registrada en las c\u00e1maras de seguridad del barrio, ubicado en el norte del conurbano, y<strong>\u00a0puede observarse la llegada de una camioneta blanca, de la cual bajaron seis individuos, quienes tomaron las bolsas y esparcieron el contenido sobre la vereda.<\/strong><\/p>\n<p>Adem\u00e1s, los atacantes dejaron un pasacalles con la leyenda\u00a0<strong>\u00abAc\u00e1 vive la mierda de Espert\u00bb,<\/strong>\u00a0lo que aparenta ser una respuesta a los recientes insultos del legislador contra la expresidente Cristina Kirchner y su hija, Florencia.<\/p>\n<p><strong>\u00abEsto pas\u00f3 reci\u00e9n en mi casa, una muestra de lo que es el kirchnerismo, de lo que padecimos los argentinos todos estos a\u00f1os. NO NOS VAN A DETENER CON NADA\u00bb,<\/strong>\u00a0escribi\u00f3 el economista en su cuenta de X.<\/p>\n<p>La semana pasada, Espert record\u00f3 un antiguo mensaje en sus redes sociales y expres\u00f3\u00a0<strong>\u201c\u00bfC\u00f3mo no vas a estar amargada si sos hija de una gran puta?\u201d,\u00a0<\/strong>en un mensaje dirigido a Florencia Kirchner, durante su exposici\u00f3n en el\u00a0<strong>Congreso de Comunicaci\u00f3n Pol\u00edtica de la Universidad Cat\u00f3lica Argentina (UCA).<\/strong><\/p>\n<p>Los dichos de Espert generaron la reprobaci\u00f3n de los presentes y horas m\u00e1s tarde la c\u00fapula directiva de la UCA emiti\u00f3 un comunicado repudiando su actitud. Adem\u00e1s, un grupo de diputados kirchneristas pidi\u00f3 su expulsi\u00f3n del Congreso por \u00abinhabilidad moral sobreviviniente\u00bb.<\/p>\n","protected":false},"excerpt":{"rendered":"<p>Un grupo de seis personas vandaliz\u00f3 anoche el ingreso de la vivienda del legislador libertario Jos\u00e9 Luis Espert,\u00a0en localidad bonaerense<\/p>\n","protected":false},"author":1,"featured_media":24453,"comment_status":"closed","ping_status":"closed","sticky":false,"template":"","format":"standard","meta":{"footnotes":"","jetpack_publicize_message":"","jetpack_publicize_feature_enabled":true,"jetpack_social_post_already_shared":true,"jetpack_social_options":{"image_generator_settings":{"template":"highway","enabled":false},"version":2}},"categories":[4],"tags":[],"class_list":["post-24452","post","type-post","status-publish","format-standard","has-post-thumbnail","hentry","category-nacionales"],"jetpack_publicize_connections":[],"_links":{"self":[{"href":"https:\/\/diariorepublica.com.ar\/web\/index.php\/wp-json\/wp\/v2\/posts\/24452"}],"collection":[{"href":"https:\/\/diariorepublica.com.ar\/web\/index.php\/wp-json\/wp\/v2\/posts"}],"about":[{"href":"https:\/\/diariorepublica.com.ar\/web\/index.php\/wp-json\/wp\/v2\/types\/post"}],"author":[{"embeddable":true,"href":"https:\/\/diariorepublica.com.ar\/web\/index.php\/wp-json\/wp\/v2\/users\/1"}],"replies":[{"embeddable":true,"href":"https:\/\/diariorepublica.com.ar\/web\/index.php\/wp-json\/wp\/v2\/comments?post=24452"}],"version-history":[{"count":1,"href":"https:\/\/diariorepublica.com.ar\/web\/index.php\/wp-json\/wp\/v2\/posts\/24452\/revisions"}],"predecessor-version":[{"id":24454,"href":"https:\/\/diariorepublica.com.ar\/web\/index.php\/wp-json\/wp\/v2\/posts\/24452\/revisions\/24454"}],"wp:featuredmedia":[{"embeddable":true,"href":"https:\/\/diariorepublica.com.ar\/web\/index.php\/wp-json\/wp\/v2\/media\/24453"}],"wp:attachment":[{"href":"https:\/\/diariorepublica.com.ar\/web\/index.php\/wp-json\/wp\/v2\/media?parent=24452"}],"wp:term":[{"taxonomy":"category","embeddable":true,"href":"https:\/\/diariorepublica.com.ar\/web\/index.php\/wp-json\/wp\/v2\/categories?post=24452"},{"taxonomy":"post_tag","embeddable":true,"href":"https:\/\/diariorepublica.com.ar\/web\/index.php\/wp-json\/wp\/v2\/tags?post=24452"}],"curies":[{"name":"wp","href":"https:\/\/api.w.org\/{rel}","templated":true}]}}