{"id":24490,"date":"2025-06-19T06:14:00","date_gmt":"2025-06-19T09:14:00","guid":{"rendered":"https:\/\/diariorepublica.com.ar\/web\/?p=24490"},"modified":"2025-06-19T08:16:01","modified_gmt":"2025-06-19T11:16:01","slug":"gala-de-eliminacion-quien-se-fue-anoche-de-gran-hermano-2025","status":"publish","type":"post","link":"https:\/\/diariorepublica.com.ar\/web\/index.php\/espectaculos\/2025\/06\/19\/gala-de-eliminacion-quien-se-fue-anoche-de-gran-hermano-2025\/","title":{"rendered":"Gala de eliminaci\u00f3n:\u00a0qui\u00e9n se fue anoche de Gran Hermano 2025"},"content":{"rendered":"<p><strong>Gran Hermano <\/strong><strong>\u00a0ya tiene a sus cuatro finalistas<\/strong>, tras una nueva gala de eliminaci\u00f3n que se llev\u00f3 adelante este mi\u00e9rcoles 18 de junio. El reality conducido por S<strong>antiago del Moro<\/strong>\u00a0despidi\u00f3 a otro participante, por lo que se sabe cu\u00e1les ser\u00e1n los nombres que llegar\u00e1n al lunes con ilusiones de meterse entre los tres finales.<\/p>\n<p>A diferencia del resto de las galas,<strong>\u00a0no hab\u00eda participantes fuera de peligro<\/strong>: a trav\u00e9s de la votaci\u00f3n positiva, todos estaban en riesgo de marcharse de la casa m\u00e1s famosa del pa\u00eds. Sin embargo, solo una se llev\u00f3 su valija y qued\u00f3 en la puerta de ingresar en la gran final, que se definir\u00e1 el pr\u00f3ximo martes 24 de junio.<\/p>\n<p>En orden, aunque de manera aleatoria, los primeros que salieron de placa fueron:\u00a0<strong>Eugenia, Tato y Ulises, quienes tuvieron distintos festejos y emociones<\/strong>\u00a0tras enterarse que segu\u00edan en carrera en\u00a0<strong>Gran Hermano<\/strong>. De esta manera,\u00a0<strong>el cara a cara final estaba entre Selva y Luz<\/strong>.<\/p>\n<p>Luego de superar a Juan Pablo en el versus el pasado lunes, Selva perdi\u00f3 en la votaci\u00f3n y es la nueva eliminada de Gran Hermano 2025. Con notable emoci\u00f3n, se despidi\u00f3 de sus compa\u00f1eros y agradeci\u00f3 por lo vivido, mientras su gran amiga Eugenia no pod\u00eda contener la tristeza por su salida.<\/p>\n<p>\u00abLleg\u00f3 el momento de dejar la casa, pero hay cosas que no me voy a olvidar, pero\u00a0<strong>la m\u00e1s importante es tu alegr\u00eda, tu sentido del humor y de la vida<\/strong>. Cosas que para m\u00ed, son muy valiosas\u00bb, indic\u00f3 la voz del Big mientras la mujer uruguaya comenzaba su camino hacia la puerta.<\/p>\n<p>Selva respondi\u00f3: \u00abGracias, Gran Hermano. Muchas gracias.\u00a0<strong>He sido muy feliz en esta casa. Les deseo a todos lo mejor<\/strong>. Gracias a todas las personas que permitieron llegar hasta ac\u00e1, me llevo esta casa en el alma y en el coraz\u00f3n. Gracias\u00bb.<\/p>\n","protected":false},"excerpt":{"rendered":"<p>Gran Hermano \u00a0ya tiene a sus cuatro finalistas, tras una nueva gala de eliminaci\u00f3n que se llev\u00f3 adelante este mi\u00e9rcoles<\/p>\n","protected":false},"author":1,"featured_media":24491,"comment_status":"closed","ping_status":"closed","sticky":false,"template":"","format":"standard","meta":{"footnotes":"","jetpack_publicize_message":"","jetpack_publicize_feature_enabled":true,"jetpack_social_post_already_shared":true,"jetpack_social_options":{"image_generator_settings":{"template":"highway","enabled":false},"version":2}},"categories":[7],"tags":[],"class_list":["post-24490","post","type-post","status-publish","format-standard","has-post-thumbnail","hentry","category-espectaculos"],"jetpack_publicize_connections":[],"_links":{"self":[{"href":"https:\/\/diariorepublica.com.ar\/web\/index.php\/wp-json\/wp\/v2\/posts\/24490"}],"collection":[{"href":"https:\/\/diariorepublica.com.ar\/web\/index.php\/wp-json\/wp\/v2\/posts"}],"about":[{"href":"https:\/\/diariorepublica.com.ar\/web\/index.php\/wp-json\/wp\/v2\/types\/post"}],"author":[{"embeddable":true,"href":"https:\/\/diariorepublica.com.ar\/web\/index.php\/wp-json\/wp\/v2\/users\/1"}],"replies":[{"embeddable":true,"href":"https:\/\/diariorepublica.com.ar\/web\/index.php\/wp-json\/wp\/v2\/comments?post=24490"}],"version-history":[{"count":1,"href":"https:\/\/diariorepublica.com.ar\/web\/index.php\/wp-json\/wp\/v2\/posts\/24490\/revisions"}],"predecessor-version":[{"id":24492,"href":"https:\/\/diariorepublica.com.ar\/web\/index.php\/wp-json\/wp\/v2\/posts\/24490\/revisions\/24492"}],"wp:featuredmedia":[{"embeddable":true,"href":"https:\/\/diariorepublica.com.ar\/web\/index.php\/wp-json\/wp\/v2\/media\/24491"}],"wp:attachment":[{"href":"https:\/\/diariorepublica.com.ar\/web\/index.php\/wp-json\/wp\/v2\/media?parent=24490"}],"wp:term":[{"taxonomy":"category","embeddable":true,"href":"https:\/\/diariorepublica.com.ar\/web\/index.php\/wp-json\/wp\/v2\/categories?post=24490"},{"taxonomy":"post_tag","embeddable":true,"href":"https:\/\/diariorepublica.com.ar\/web\/index.php\/wp-json\/wp\/v2\/tags?post=24490"}],"curies":[{"name":"wp","href":"https:\/\/api.w.org\/{rel}","templated":true}]}}