{"id":24493,"date":"2025-06-19T01:19:00","date_gmt":"2025-06-19T04:19:00","guid":{"rendered":"https:\/\/diariorepublica.com.ar\/web\/?p=24493"},"modified":"2025-06-19T08:20:37","modified_gmt":"2025-06-19T11:20:37","slug":"la-durisima-sancion-a-nicolas-figal-y-ander-herrera-en-el-mundial-de-clubes","status":"publish","type":"post","link":"https:\/\/diariorepublica.com.ar\/web\/index.php\/deportes\/2025\/06\/19\/la-durisima-sancion-a-nicolas-figal-y-ander-herrera-en-el-mundial-de-clubes\/","title":{"rendered":"La dur\u00edsima sanci\u00f3n a Nicol\u00e1s Figal y Ander Herrera en el Mundial de Clubes"},"content":{"rendered":"<article id=\"article-post\" class=\"first\">\n<div class=\"cuerpo\" data-twitter-link=\"https:\/\/twitter.com\/intent\/tweet?url=https:\/\/www.diariopopular.com.ar\/c848064&amp;via=poopulardiario&amp;related=Popular&amp;text=\">\n<p><strong>Nicol\u00e1s Figal y Ander Herrera, expulsados en el partido contra Benfica, fueron suspendidos por cuatro fechas y podr\u00edan volver reci\u00e9n en semifinales del torneo.\u00a0<\/strong>S\u00ed, la FIFA comunic\u00f3 el dur\u00edsimo castigo para ambos y no podr\u00e1n estar en los dos encuentros restante de fase de grupos y los hipot\u00e9ticos duelos de octavos y cuartos de final.<\/p>\n<\/div>\n<\/article>\n<article id=\"article-post\">\n<div class=\"cuerpo\" data-twitter-link=\"https:\/\/twitter.com\/intent\/tweet?url=https:\/\/www.diariopopular.com.ar\/c848064&amp;via=poopulardiario&amp;related=Popular&amp;text=\">\n<p>La Comisi\u00f3n Disciplinaria de la FIFA tom\u00f3 la decisi\u00f3n de ponerle fuertes sanciones a los jugadores de Boca por sus acciones<strong>. Desde un principio, esperaban desde el club azul y oro que la pena para Ander fuera mayor que la del central al ser expulsado por protestarle el penal de Palacios a Otamendi ya fuera del campo.<\/strong>\u00a0Sin embargo, ambos recibieron el mismo castigo.<\/p>\n<p><strong>Boca, al estar en desacuerdo con la medida, se comunic\u00f3 con las autoridades de la FIFA para presentar un descargo y lograr reducir la sanci\u00f3n<\/strong><strong>\u00a0de Figal<\/strong>, quien fue expulsado por un codazo innecesario al rival. Y adem\u00e1s, Herrera ya no puede jugar en este torneo por la lesi\u00f3n que sufri\u00f3 en el mismo encuentro.<\/p>\n<div id=\"751919-Libre-1522770596_wrap\" class=\"embed_cont type_imagen\" contenteditable=\"false\">\n<div id=\"751919-Libre-1522770596_content\" class=\"embed_content\"><img decoding=\"async\" id=\"751919-Libre-1522770596_embed\" title=\"\" src=\"https:\/\/media.diariopopular.com.ar\/p\/c8e33a5288509a293586ebad45177762\/adjuntos\/143\/imagenes\/008\/196\/0008196090\/1140x0\/smart\/imagepng.png\" alt=\"\" width=\"1140\" height=\"undefined\" longdesc=\"https:\/\/media.diariopopular.com.ar\/p\/c8e33a5288509a293586ebad45177762\/adjuntos\/143\/imagenes\/008\/196\/0008196090\/1140x0\/smart\/imagepng.png\" \/><\/div>\n<div id=\"751919-Libre-1522770596_epigrafe\" class=\"embed_epigrafe\"><\/div>\n<div id=\"751919-Libre-1522770596_copyright\" class=\"embed_copyright\"><\/div>\n<\/div>\n<p>El descargo de Figal.<\/p>\n<p>Por otra parte,<strong>\u00a0Andrea Belotti, el jugador del Benfica expulsado por pegarle un planchazo en la nuca a Ayrton Costa, solamente recibi\u00f3 dos fechas de sanci\u00f3n<\/strong>. La mitad de los jugadores de Boca con una acci\u00f3n que pareci\u00f3 tambi\u00e9n fuerte como la de Figal, algo que gener\u00f3 malestar en el Xeneize.<\/p>\n<p>Por otro lado, Russo ya sab\u00eda que iba a tener que reemplazar a Figal y a Ander ante Bayern Munich, aunque ahora deber\u00e1 pensar tambi\u00e9n en esas ausencias para el encuentro asegurado contra el Auckland City. Por lo pronto,<strong>\u00a0la primera opci\u00f3n por el ex Independiente ser\u00eda Lautaro Di Lollo, mientras que por el espa\u00f1ol jugar\u00eda Tom\u00e1s Belmonte.<\/strong><\/p>\n<\/div>\n<\/article>\n","protected":false},"excerpt":{"rendered":"<p>Nicol\u00e1s Figal y Ander Herrera, expulsados en el partido contra Benfica, fueron suspendidos por cuatro fechas y podr\u00edan volver reci\u00e9n<\/p>\n","protected":false},"author":1,"featured_media":24494,"comment_status":"closed","ping_status":"closed","sticky":false,"template":"","format":"standard","meta":{"footnotes":"","jetpack_publicize_message":"","jetpack_publicize_feature_enabled":true,"jetpack_social_post_already_shared":true,"jetpack_social_options":{"image_generator_settings":{"template":"highway","enabled":false},"version":2}},"categories":[9],"tags":[],"class_list":["post-24493","post","type-post","status-publish","format-standard","has-post-thumbnail","hentry","category-deportes"],"jetpack_publicize_connections":[],"_links":{"self":[{"href":"https:\/\/diariorepublica.com.ar\/web\/index.php\/wp-json\/wp\/v2\/posts\/24493"}],"collection":[{"href":"https:\/\/diariorepublica.com.ar\/web\/index.php\/wp-json\/wp\/v2\/posts"}],"about":[{"href":"https:\/\/diariorepublica.com.ar\/web\/index.php\/wp-json\/wp\/v2\/types\/post"}],"author":[{"embeddable":true,"href":"https:\/\/diariorepublica.com.ar\/web\/index.php\/wp-json\/wp\/v2\/users\/1"}],"replies":[{"embeddable":true,"href":"https:\/\/diariorepublica.com.ar\/web\/index.php\/wp-json\/wp\/v2\/comments?post=24493"}],"version-history":[{"count":1,"href":"https:\/\/diariorepublica.com.ar\/web\/index.php\/wp-json\/wp\/v2\/posts\/24493\/revisions"}],"predecessor-version":[{"id":24495,"href":"https:\/\/diariorepublica.com.ar\/web\/index.php\/wp-json\/wp\/v2\/posts\/24493\/revisions\/24495"}],"wp:featuredmedia":[{"embeddable":true,"href":"https:\/\/diariorepublica.com.ar\/web\/index.php\/wp-json\/wp\/v2\/media\/24494"}],"wp:attachment":[{"href":"https:\/\/diariorepublica.com.ar\/web\/index.php\/wp-json\/wp\/v2\/media?parent=24493"}],"wp:term":[{"taxonomy":"category","embeddable":true,"href":"https:\/\/diariorepublica.com.ar\/web\/index.php\/wp-json\/wp\/v2\/categories?post=24493"},{"taxonomy":"post_tag","embeddable":true,"href":"https:\/\/diariorepublica.com.ar\/web\/index.php\/wp-json\/wp\/v2\/tags?post=24493"}],"curies":[{"name":"wp","href":"https:\/\/api.w.org\/{rel}","templated":true}]}}